{"id":19191,"date":"2015-08-30T18:26:42","date_gmt":"2015-08-30T15:26:42","guid":{"rendered":"http:\/\/infois.ro\/?p=19191"},"modified":"2015-08-30T18:26:42","modified_gmt":"2015-08-30T15:26:42","slug":"strada-toma-cozma-inchisa-circulatiei-autovehiculelor-in-vederea-asfaltarii","status":"publish","type":"post","link":"https:\/\/infois.ro\/?p=19191","title":{"rendered":"Strada Toma Cozma, \u00eenchis\u0103 circula\u021biei autovehiculelor \u00een vederea asfalt\u0103rii"},"content":{"rendered":"<p style=\"text-align: justify;\"><a href=\"http:\/\/infois.ro\/wp-content\/uploads\/2015\/08\/toma-cozma-lucrari.jpg\"><img loading=\"lazy\" decoding=\"async\" class=\"alignleft  wp-image-19150\" src=\"http:\/\/infois.ro\/wp-content\/uploads\/2015\/08\/toma-cozma-lucrari.jpg\" alt=\"toma-cozma-lucrari\" width=\"289\" height=\"192\" srcset=\"https:\/\/infois.ro\/wp-content\/uploads\/2015\/08\/toma-cozma-lucrari.jpg 600w, https:\/\/infois.ro\/wp-content\/uploads\/2015\/08\/toma-cozma-lucrari-300x199.jpg 300w\" sizes=\"(max-width: 289px) 100vw, 289px\" \/><\/a><\/p>\n<p style=\"text-align: justify;\">Strada Toma Cozma va fi \u00eenchis\u0103 circula\u021biei autovehiculelor, luni, 31 august, pe por\u021biunea cuprins\u0103 \u00eentre strada Manolescu \u0219i Bulevardul Carol I, ca urmare a lucr\u0103rilor de asfaltare executate de SC Citadin SA. Repararea, modernizarea \u0219i asfaltarea str\u0103zii Toma Cozma sunt incluse \u00een cadrul proiectului de reabilitare a Axei de dezvoltare Nord-Sud a municipiului Ia\u0219i, care include \u0219i construc\u021bia pasajului subteran \u201dOcatav B\u0103ncil\u0103\u201d. Potrivit primarului interimar Mihai Chirica, circula\u021bia autovehiculelor va fi deviat\u0103 \u00eentre orele 07.00 \u0219i 21.00, dup\u0103 cum urmeaz\u0103: Bulevardul Carol I \u2013 Aleea Copou \u2013 str. V\u0103sc\u0103u\u021beanu (Toma Cozma), pe un sens, respectiv str. Toma Cozma \u2013 str. Poj\u0103rniciei \u2013 str. Titu Maiorescu \u2013 Bulevardul Carol I, pe cel\u0103lalt sens de mers. \u201dPe parcursul lunii sepetembrie vor fi executate lucr\u0103ri de repara\u021bii pe strada Titu Maiorescu, leg\u0103tura dintre strada V\u0103sc\u0103u\u021beanu \u0219i Bulevardul Carol I\u201d, a mai precizat edilul. Valoarea total\u0103 a proiectului \u201dAxa de dezvoltare Nord-Sud Pasaj Octav B\u0103ncil\u0103\u201d este de 87,761 milioane lei, din care 70 milioane lei reprezint\u0103 fonduri europene nerambursabile. Contractul de lucr\u0103ri a fost c\u00e2\u0219tigat prin licita\u021bie public\u0103 de c\u0103tre Asocierea SC Conest \u00a0SA Ia\u0219i (lider), SC Eky Sam SRL Tg. Frumos, SC Vega 93 SRL Gala\u021bi, SC Corefero SA Gala\u021bi. Proiectul presupune construirea unui pasaj suprateran, \u00een lungime de 467,20 metri, \u00een zona Triajului CFR, la intersec\u0163ia cu strada Moara de Foc, travers\u00e2nd magistrala CFR 606 Ia\u015fi-Pa\u015fcani, dar \u015fi reabilitarea a nou\u0103 str\u0103zi din apropiere, \u015fi anume: Sarmisegetuza, Str\u0103mo\u015filor, Tabacului, Columnei, Vitejilor, Mu\u015fatini, Pl\u0103ie\u015filor, Petru Poni \u015fi Toma Cozma.<\/p>\n","protected":false},"excerpt":{"rendered":"<p>Strada Toma Cozma va fi \u00eenchis\u0103 circula\u021biei autovehiculelor, luni, 31 august, pe por\u021biunea cuprins\u0103 \u00eentre&#8230; <a class=\"meta-more\" href=\"https:\/\/infois.ro\/?p=19191\">more <span class=\"meta-nav\">&raquo;<\/span><\/a><\/p>\n","protected":false},"author":2,"featured_media":19150,"comment_status":"open","ping_status":"closed","sticky":false,"template":"","format":"standard","meta":{"footnotes":""},"categories":[1,41],"tags":[74,3028,395,40,3112,7451],"aioseo_notices":[],"_links":{"self":[{"href":"https:\/\/infois.ro\/index.php?rest_route=\/wp\/v2\/posts\/19191"}],"collection":[{"href":"https:\/\/infois.ro\/index.php?rest_route=\/wp\/v2\/posts"}],"about":[{"href":"https:\/\/infois.ro\/index.php?rest_route=\/wp\/v2\/types\/post"}],"author":[{"embeddable":true,"href":"https:\/\/infois.ro\/index.php?rest_route=\/wp\/v2\/users\/2"}],"replies":[{"embeddable":true,"href":"https:\/\/infois.ro\/index.php?rest_route=%2Fwp%2Fv2%2Fcomments&post=19191"}],"version-history":[{"count":1,"href":"https:\/\/infois.ro\/index.php?rest_route=\/wp\/v2\/posts\/19191\/revisions"}],"predecessor-version":[{"id":19192,"href":"https:\/\/infois.ro\/index.php?rest_route=\/wp\/v2\/posts\/19191\/revisions\/19192"}],"wp:featuredmedia":[{"embeddable":true,"href":"https:\/\/infois.ro\/index.php?rest_route=\/wp\/v2\/media\/19150"}],"wp:attachment":[{"href":"https:\/\/infois.ro\/index.php?rest_route=%2Fwp%2Fv2%2Fmedia&parent=19191"}],"wp:term":[{"taxonomy":"category","embeddable":true,"href":"https:\/\/infois.ro\/index.php?rest_route=%2Fwp%2Fv2%2Fcategories&post=19191"},{"taxonomy":"post_tag","embeddable":true,"href":"https:\/\/infois.ro\/index.php?rest_route=%2Fwp%2Fv2%2Ftags&post=19191"}],"curies":[{"name":"wp","href":"https:\/\/api.w.org\/{rel}","templated":true}]}}