{"id":1935,"date":"2012-09-28T12:11:57","date_gmt":"2012-09-28T09:11:57","guid":{"rendered":"http:\/\/infois.ro\/?p=1935"},"modified":"2012-09-28T12:11:57","modified_gmt":"2012-09-28T09:11:57","slug":"introducerea-conceptului-de-responsabilitate-sociala-implementat-la-iasi-in-cadrul-unui-proiect-cu-finantare-europeana","status":"publish","type":"post","link":"https:\/\/infois.ro\/?p=1935","title":{"rendered":"Introducerea conceptului de \u201dresponsabilitate social\u0103\u201d, implementat la Ia\u0219i \u00een cadrul unui proiect cu finan\u021bare european\u0103"},"content":{"rendered":"<p style=\"text-align: justify;\"><a class=\"highslide\" onclick=\"return vz.expand(this)\" href=\"http:\/\/infois.ro\/wp-content\/uploads\/2012\/09\/final-proiect-see-gsr.jpg\"><img loading=\"lazy\" decoding=\"async\" class=\"alignleft size-large wp-image-1936\" title=\"final proiect see gsr\" src=\"http:\/\/infois.ro\/wp-content\/uploads\/cache\/2012\/09\/final-proiect-see-gsr\/3109247655.jpg\" alt=\"\" width=\"452\" height=\"550\" \/><\/a>\u00cen Sala Mare a Prim\u0103riei municipiului Ia\u015fi a avut loc joi, 27 septembrie, conferin\u021ba de \u00eenchidere a proiectului SEE GSR (Governmental Social Responsability Model \u2013 Model de Responsabilitate social\u0103<em> <\/em>\u00een sectorul public), proiect cu finan\u0163are european\u0103, prin Programul Sud-Estul Europei, \u00een care municipuul Ia\u0219i a fost partener, al\u0103turi de alte institu\u021bii publice \u0219i priovate din Grecia, Italia, Bulgaria, Ungaria \u0219i Bosnia-Her\u021begovina. Dup\u0103 cum a declarat Elena Farca, managerul pentru Rom\u00e2nia al acestui proiect, SEE GSR are ca ca obiectiv introducerea conceptului \u201eresponsabilit\u0103\u0163ii sociale\u201d din mediul privat \u00een cel public, \u00een vederea ob\u0163inerii calit\u0103\u0163ii \u00een domeniul serviciilor publice \u015fi al guvern\u0103rii locale, prin schimbul de modele de bun\u0103 practic\u0103 la nivel european. Beneficiarii acestui proiect sunt institu\u021biile publice, serviciile publice locale, organiza\u021bii neguvernamentale interesate de conceptul de responsabilitate social\u0103, dar \u0219i institu\u021bii private care intr\u0103 \u00een contact cu serviciile publice \u0219i organiza\u021biile guvernamentale. Prin acest proiect s-a \u00eencercat s\u0103 se g\u0103seasc\u0103 un instrument care s\u0103 introduc\u0103 responsabilitatea social\u0103 \u00een aceste institu\u021bii, respectiv prin interoducerea unor standarde, a unor norme de comportament \u0219i de respectare a drepturilor angaja\u021bilor, angajatorilor, precum \u0219i ale cet\u0103\u021beanului, nu \u00een ultimul r\u00e2nd. Proiectul a inclus parteneri, precum Organizatia Elena pentru Standardizare \u2013 ELOT- Lider de proiect, Centrul pentru Afaceri \u015fi Inovare Atena, Universitatea din Patras (Grecia), Ministerul S\u0103n\u0103t\u0103\u0163ii din Bulgaria, Universitatea din Salento (Italia), Directoratul pentru Afaceri Basilicata (Italia), Prim\u0103ria Bari (Italia), Funda\u0163ia Educa\u0163ional\u0103 Tempus (Ungaria), municipiul Ia\u015fi fiind ora\u015f pilot pentru implementarea standardului GSR \u00een cadrul acestui proiect\u201d, a declarat Elena Farca. Valoarea total\u0103 a proiectului a fost de 190.000 de euro, din care contribu\u021bia Prim\u0103riei ie\u0219ene s-a ridicat la 2%, respectiv 3.800 de euro.<\/p>\n","protected":false},"excerpt":{"rendered":"<p>\u00cen Sala Mare a Prim\u0103riei municipiului Ia\u015fi a avut loc joi, 27 septembrie, conferin\u021ba de&#8230; <a class=\"meta-more\" href=\"https:\/\/infois.ro\/?p=1935\">more <span class=\"meta-nav\">&raquo;<\/span><\/a><\/p>\n","protected":false},"author":2,"featured_media":1936,"comment_status":"open","ping_status":"open","sticky":false,"template":"","format":"standard","meta":{"footnotes":""},"categories":[1,32],"tags":[74,296,870],"aioseo_notices":[],"_links":{"self":[{"href":"https:\/\/infois.ro\/index.php?rest_route=\/wp\/v2\/posts\/1935"}],"collection":[{"href":"https:\/\/infois.ro\/index.php?rest_route=\/wp\/v2\/posts"}],"about":[{"href":"https:\/\/infois.ro\/index.php?rest_route=\/wp\/v2\/types\/post"}],"author":[{"embeddable":true,"href":"https:\/\/infois.ro\/index.php?rest_route=\/wp\/v2\/users\/2"}],"replies":[{"embeddable":true,"href":"https:\/\/infois.ro\/index.php?rest_route=%2Fwp%2Fv2%2Fcomments&post=1935"}],"version-history":[{"count":1,"href":"https:\/\/infois.ro\/index.php?rest_route=\/wp\/v2\/posts\/1935\/revisions"}],"predecessor-version":[{"id":1937,"href":"https:\/\/infois.ro\/index.php?rest_route=\/wp\/v2\/posts\/1935\/revisions\/1937"}],"wp:featuredmedia":[{"embeddable":true,"href":"https:\/\/infois.ro\/index.php?rest_route=\/wp\/v2\/media\/1936"}],"wp:attachment":[{"href":"https:\/\/infois.ro\/index.php?rest_route=%2Fwp%2Fv2%2Fmedia&parent=1935"}],"wp:term":[{"taxonomy":"category","embeddable":true,"href":"https:\/\/infois.ro\/index.php?rest_route=%2Fwp%2Fv2%2Fcategories&post=1935"},{"taxonomy":"post_tag","embeddable":true,"href":"https:\/\/infois.ro\/index.php?rest_route=%2Fwp%2Fv2%2Ftags&post=1935"}],"curies":[{"name":"wp","href":"https:\/\/api.w.org\/{rel}","templated":true}]}}