{"id":1938,"date":"2012-09-28T12:14:35","date_gmt":"2012-09-28T09:14:35","guid":{"rendered":"http:\/\/infois.ro\/?p=1938"},"modified":"2012-09-28T12:15:45","modified_gmt":"2012-09-28T09:15:45","slug":"vineri-28-septembrie-la-iasi-va-avea-loc-inaugurarea-proiectului-turnul-nostru","status":"publish","type":"post","link":"https:\/\/infois.ro\/?p=1938","title":{"rendered":"Vineri, 28 septembrie, la Ia\u0219i va avea loc inaugurarea proiectului \u201dTurnul Nostru\u201d"},"content":{"rendered":"<p style=\"text-align: justify;\"><a class=\"highslide\" onclick=\"return vz.expand(this)\" href=\"http:\/\/infois.ro\/wp-content\/uploads\/2012\/09\/turnul-nostru.jpg\"><img loading=\"lazy\" decoding=\"async\" class=\"alignleft  wp-image-1939\" title=\"turnul nostru\" src=\"http:\/\/infois.ro\/wp-content\/uploads\/cache\/2012\/09\/turnul-nostru\/2704951481.jpg\" alt=\"\" width=\"635\" height=\"251\" \/><\/a>Vineri, 28 septembrie, la ora 20.00, va avea loc inaugurarea proiectului \u201cTurnul Nostru\u201d, unul dintre cele mai importante proiecte de implicare civic\u0103 din Ia\u015fi. Inaugurarea proiectului marcheaz\u0103 finalizarea lucr\u0103rilor de modernizare a fa\u0163adei Castelului de ap\u0103, promovat de organizatori sub denumirea de \u201cTurnul Nostru\u201d, situat \u00een apropierea pasarelei pietonale Alexandru Cel Bun, ce leag\u0103 cartierul cu acela\u015fi nume de Gar\u0103 \u015fi restul ora\u015fului. Pasarela este una dintre cele mai circulate din Ia\u015fi, traficul zilnic fiind de aproximativ 25.000 de persoane. \u201dProiectul a \u00eenceput \u00een noiembrie 2011. Castelul de ap\u0103 a atras aten\u0163ia unui grup de tineri ie\u015feni prin pozi\u0163ia de mare vizibilitate pe care o are \u015fi pe care nu o onora datorit\u0103 st\u0103rii avansate de degradare. Astfel, \u00een ideea de a sus\u0163ine patrimoniului construit al Ia\u015fului \u015fi de a da un exemplu de implicare comunit\u0103\u0163ii, proiectul de modernizare a fa\u0163adei Castelului de ap\u0103 a fost \u00eenscris \u00eentr-un concurs de proiecte de revitalizare urban\u0103. Proiectul \u201cTurnul Nostru\u201d a c\u00e2\u015ftigat concursul\u00a0 Pepsi Refresh \u00een fa\u0163a a peste 500 de proiecte la nivel na\u0163ional\u201d, a declarat Andrei Gheorghiescu \u2013 manager proiect \u201dTurnul Nostru\u201d. Potrivit acestuia, derularea proiectului a adus unele modific\u0103ri fa\u0163\u0103 de planul ini\u0163ial. Astfel, au intervenit o serie de aspecte nea\u015fteptate, care au impus modific\u0103ri ale conceptului ini\u0163ial, dar care nu au \u00eempiedicat echipa de implimentare ca, prin creativitatea \u015fi perseveren\u0163\u0103, s\u0103 identifice solu\u0163ia cea mai potrivit\u0103 pentru ca proiectul s\u0103-\u015fi ating\u0103 scopul. \u201dDup\u0103 lucr\u0103rile de consolidare \u015fi vopsirea complet\u0103 a turnului, suprafa\u0163a lui a fost acoperit\u0103 de o pictur\u0103 mural\u0103, cu trimitere la patrimoniul construit al Ia\u015fului, sus\u0163inut\u0103 de un mesaj de implicare: \u201cIubim. \u00cendr\u0103znim. Construim\u201d. Obiectivul dispune de iluminat arhitectural care, pe l\u00e2ng\u0103 vizibilitatea ce o confer\u0103 turnului pe timp de noapte, va fi \u015fi o surs\u0103 de lumin\u0103 pentru pietonii pasarelei, sporind astfel gradul de siguran\u0163\u0103 a zonei.\u00a0 De asemenea, Castelul de ap\u0103 \u00ee\u015fi va p\u0103stra func\u0163ionalitatea, servind ca surs\u0103 de alimentare pentru stingerea eventualelor incendii din incinta Depoului CFR Ia\u015fi\u201d, a precizat Andrei Gheorghiescu.\u00a0 Proiectul a fost realizat de un grup de tineri dornici s\u0103 contribuie la schimbarea unor mentalit\u0103\u0163i conform c\u0103rora lucrurile ar trebui s\u0103 se \u00eent\u00e2mple de la sine, pentru a deschide calea spre implicarea cet\u0103\u0163enilor obi\u015fnui\u0163i \u00een \u00eenfrumuse\u0163area ora\u015fului. Pentru a asigura sustenabilitatea proiectului, \u201dTurnul Nostru\u201d va fi preluat de Funda\u0163ia Comunitar\u0103 Ia\u015fi \u015fi va reprezenta simbolul Programului de\u00a0 Revitalizare Urban\u0103, al c\u0103rui scop este de a \u00eembun\u0103t\u0103\u0163i aspectul ora\u015fului, av\u00e2nd \u015fi o puternic\u0103 component\u0103 de dezvoltare comunitar\u0103 \u015fi social\u0103.<\/p>\n","protected":false},"excerpt":{"rendered":"<p>Vineri, 28 septembrie, la ora 20.00, va avea loc inaugurarea proiectului \u201cTurnul Nostru\u201d, unul dintre&#8230; <a class=\"meta-more\" href=\"https:\/\/infois.ro\/?p=1938\">more <span class=\"meta-nav\">&raquo;<\/span><\/a><\/p>\n","protected":false},"author":2,"featured_media":1939,"comment_status":"open","ping_status":"open","sticky":false,"template":"","format":"standard","meta":{"footnotes":""},"categories":[1,41],"tags":[74,40,296,871],"aioseo_notices":[],"_links":{"self":[{"href":"https:\/\/infois.ro\/index.php?rest_route=\/wp\/v2\/posts\/1938"}],"collection":[{"href":"https:\/\/infois.ro\/index.php?rest_route=\/wp\/v2\/posts"}],"about":[{"href":"https:\/\/infois.ro\/index.php?rest_route=\/wp\/v2\/types\/post"}],"author":[{"embeddable":true,"href":"https:\/\/infois.ro\/index.php?rest_route=\/wp\/v2\/users\/2"}],"replies":[{"embeddable":true,"href":"https:\/\/infois.ro\/index.php?rest_route=%2Fwp%2Fv2%2Fcomments&post=1938"}],"version-history":[{"count":3,"href":"https:\/\/infois.ro\/index.php?rest_route=\/wp\/v2\/posts\/1938\/revisions"}],"predecessor-version":[{"id":1942,"href":"https:\/\/infois.ro\/index.php?rest_route=\/wp\/v2\/posts\/1938\/revisions\/1942"}],"wp:featuredmedia":[{"embeddable":true,"href":"https:\/\/infois.ro\/index.php?rest_route=\/wp\/v2\/media\/1939"}],"wp:attachment":[{"href":"https:\/\/infois.ro\/index.php?rest_route=%2Fwp%2Fv2%2Fmedia&parent=1938"}],"wp:term":[{"taxonomy":"category","embeddable":true,"href":"https:\/\/infois.ro\/index.php?rest_route=%2Fwp%2Fv2%2Fcategories&post=1938"},{"taxonomy":"post_tag","embeddable":true,"href":"https:\/\/infois.ro\/index.php?rest_route=%2Fwp%2Fv2%2Ftags&post=1938"}],"curies":[{"name":"wp","href":"https:\/\/api.w.org\/{rel}","templated":true}]}}