{"id":19581,"date":"2015-09-23T22:23:28","date_gmt":"2015-09-23T19:23:28","guid":{"rendered":"http:\/\/infois.ro\/?p=19581"},"modified":"2015-09-23T22:23:28","modified_gmt":"2015-09-23T19:23:28","slug":"un-proiect-iesean-a-obtinut-locul-i-in-competitia-pentru-certificatul-lingvistic-european-2015","status":"publish","type":"post","link":"https:\/\/infois.ro\/?p=19581","title":{"rendered":"Un proiect ie\u0219ean a ob\u021binut locul I \u00een competi\u021bia pentru \u201dCertificatul Lingvistic European\u201d 2015"},"content":{"rendered":"<p style=\"text-align: justify;\"><a href=\"http:\/\/infois.ro\/wp-content\/uploads\/2015\/09\/certificat.jpg\"><img loading=\"lazy\" decoding=\"async\" class=\"alignleft  wp-image-19582\" src=\"http:\/\/infois.ro\/wp-content\/uploads\/2015\/09\/certificat.jpg\" alt=\"certificat\" width=\"343\" height=\"258\" srcset=\"https:\/\/infois.ro\/wp-content\/uploads\/2015\/09\/certificat.jpg 600w, https:\/\/infois.ro\/wp-content\/uploads\/2015\/09\/certificat-300x225.jpg 300w\" sizes=\"(max-width: 343px) 100vw, 343px\" \/><\/a><\/p>\n<p style=\"text-align: justify;\">Reprezentan\u021ba Comisiei Europene (CE) la Bucure\u0219ti a g\u0103zduit, recent, \u00a0evenimentul\u00a0\u201dLinguaFEST\u201d 2015, organizat \u00een colaborare cu Agen\u021bia Na\u021bional\u0103 pentru Programe Comunitare \u00een Domeniul Educa\u021biei \u0219i Form\u0103rii Profesionale. Elementul central al evenimentului l-a constituit ceremonia de decernare a premiilor\u00a0ELL\u00a0(European Language Label\u00a0\/Certificatul lingvistic european), o distinc\u0163ie care \u00eencurajeaz\u0103 inovarea \u015fi creativitatea \u00een domeniul pred\u0103rii \u0219i \u00eenv\u0103\u021b\u0103rii limbilor str\u0103ine, care promoveaz\u0103 \u015fi disemineaz\u0103 bunele practici, tehnicile \u015fi instrumentele noi de predare \u015fi de \u00eenv\u0103\u0163are \u00een educa\u0163ia lingvistic\u0103. Proiectul\u00a0\u201dIntercomprehensiunea \u00een ora de limba francez\u0103\u201d, ini\u021biat \u0219i coordonat de\u00a0Petra-Dana Ben\u021ba, profesor de limba francez\u0103 la\u00a0Liceul cu Program Sportiv (LPS) Ia\u0219i, a ob\u021binut\u00a0Certificatul Lingvistic European 2015, situ\u00e2ndu-se pe\u00a0locul I.\u00a0Proiectul a urm\u0103rit predarea \u0219i \u00eenv\u0103\u021barea limbii franceze prin integrarea intercomprehensiunii. Aceast\u0103 metod\u0103 de predare ia \u00een calcul toate resursele lingvistice ale clasei, le valorizeaz\u0103 \u0219i dezvolt\u0103 noi competen\u021be de \u00een\u021belegere \u0219i exprimare at\u00e2t \u00een limba francez\u0103 c\u00e2t \u0219i \u00een limbile \u00eenrudite. \u201dSuntem onora\u021bi \u0219i \u00een acela\u0219i timp foarte ferici\u021bi de atribuirea acestei distinc\u021bii proiectului nostru. Acest proiect, realizat \u00eempreun\u0103 cu clasa a XI-a A, a\u00a0fost un demers de succes, \u00eentr-un context favorabil, deoarece elevii erau dornici s\u0103-\u0219i valorizeze cuno\u0219tin\u021bele din celelalte limbi, \u00eenv\u0103\u021bate \u00een afara \u0219colii. Competen\u021bele\u00a0lingvistice \u0219i metalingvistice dob\u00e2ndite i-au ajutat s\u0103 dezvolte noi strategii de \u00een\u021belegere \u0219i comunicare, strategii necesare \u00eentr-un mediu unde mobilit\u0103\u021bile culturale, turistice sau profesionale joac\u0103 un rol esen\u021bial&#8217;, a declarat coordonatoarea proiectului, prof. Petra-Dana Ben\u021ba.<\/p>\n","protected":false},"excerpt":{"rendered":"<p>Reprezentan\u021ba Comisiei Europene (CE) la Bucure\u0219ti a g\u0103zduit, recent, \u00a0evenimentul\u00a0\u201dLinguaFEST\u201d 2015, organizat \u00een colaborare cu&#8230; <a class=\"meta-more\" href=\"https:\/\/infois.ro\/?p=19581\">more <span class=\"meta-nav\">&raquo;<\/span><\/a><\/p>\n","protected":false},"author":2,"featured_media":19582,"comment_status":"open","ping_status":"closed","sticky":false,"template":"","format":"standard","meta":{"footnotes":""},"categories":[12],"tags":[7514,271,592,40,3112],"aioseo_notices":[],"_links":{"self":[{"href":"https:\/\/infois.ro\/index.php?rest_route=\/wp\/v2\/posts\/19581"}],"collection":[{"href":"https:\/\/infois.ro\/index.php?rest_route=\/wp\/v2\/posts"}],"about":[{"href":"https:\/\/infois.ro\/index.php?rest_route=\/wp\/v2\/types\/post"}],"author":[{"embeddable":true,"href":"https:\/\/infois.ro\/index.php?rest_route=\/wp\/v2\/users\/2"}],"replies":[{"embeddable":true,"href":"https:\/\/infois.ro\/index.php?rest_route=%2Fwp%2Fv2%2Fcomments&post=19581"}],"version-history":[{"count":1,"href":"https:\/\/infois.ro\/index.php?rest_route=\/wp\/v2\/posts\/19581\/revisions"}],"predecessor-version":[{"id":19583,"href":"https:\/\/infois.ro\/index.php?rest_route=\/wp\/v2\/posts\/19581\/revisions\/19583"}],"wp:featuredmedia":[{"embeddable":true,"href":"https:\/\/infois.ro\/index.php?rest_route=\/wp\/v2\/media\/19582"}],"wp:attachment":[{"href":"https:\/\/infois.ro\/index.php?rest_route=%2Fwp%2Fv2%2Fmedia&parent=19581"}],"wp:term":[{"taxonomy":"category","embeddable":true,"href":"https:\/\/infois.ro\/index.php?rest_route=%2Fwp%2Fv2%2Fcategories&post=19581"},{"taxonomy":"post_tag","embeddable":true,"href":"https:\/\/infois.ro\/index.php?rest_route=%2Fwp%2Fv2%2Ftags&post=19581"}],"curies":[{"name":"wp","href":"https:\/\/api.w.org\/{rel}","templated":true}]}}