{"id":19674,"date":"2015-09-29T18:19:35","date_gmt":"2015-09-29T15:19:35","guid":{"rendered":"http:\/\/infois.ro\/?p=19674"},"modified":"2015-09-29T18:19:47","modified_gmt":"2015-09-29T15:19:47","slug":"o-noua-rectificare-a-bugetului-local-pe-ordinea-de-zi-a-sedintei-clm","status":"publish","type":"post","link":"https:\/\/infois.ro\/?p=19674","title":{"rendered":"O nou\u0103 rectificare a bugetului local, pe ordinea de zi a \u0219edin\u021bei CLM"},"content":{"rendered":"<p style=\"text-align: justify;\"><a href=\"http:\/\/infois.ro\/wp-content\/uploads\/2015\/09\/consiliu.jpg\"><img loading=\"lazy\" decoding=\"async\" class=\"alignleft  wp-image-19675\" src=\"http:\/\/infois.ro\/wp-content\/uploads\/2015\/09\/consiliu.jpg\" alt=\"consiliu\" width=\"333\" height=\"222\" srcset=\"https:\/\/infois.ro\/wp-content\/uploads\/2015\/09\/consiliu.jpg 600w, https:\/\/infois.ro\/wp-content\/uploads\/2015\/09\/consiliu-300x200.jpg 300w\" sizes=\"(max-width: 333px) 100vw, 333px\" \/><\/a><\/p>\n<p style=\"text-align: justify;\">Consilierii locali ie\u0219eni se vor \u00eentruni miercuri, 30 septembrie, \u00eentr-o \u0219edin\u021b\u0103 ordinar\u0103, pe a c\u0103rei ordine de zi sunt \u00eenscrise nu mai pu\u021bin de 30 de puncte. Printre cele mai importante proiecte de hot\u0103r\u00e2re care urmeaz\u0103 s\u0103 fie supuse dezbaterii \u0219i aprob\u0103rii ale\u0219ilor locale se num\u0103r\u0103 rectificarea bugetului local pe anul \u00een curs, care include alocarea sumei de 7,390 milioane de lei pentru cheltuieli de personal \u00een \u00eenv\u0103\u021b\u0103m\u00e2ntul preuniversitar, dou\u0103 milioane de lei pentru construirea unei s\u0103li de opera\u021bii la Spitalul de Recuperare \u0219i 5,1 milioane de lei la capitolul cre\u0219terea veniturilor din cote defalcate din impozitul pe venit. La capitolul cheltuieli pentru echilibrarea bugetului local este prev\u0103zut\u0103, printre altele, alocarea sumei de dou\u0103 milioane de lei pentru bunuri \u0219i servicii. Un alt punct important de pe ordinea de zi \u00eel reprezint\u0103 rectificarea bugetului de venituri \u0219i cheltuieli pe anul 2015 al Regiei Autonome de Transport Public (RATP). Potrivit primarului interimar Mihai Chirica, la sf\u00e2r\u0219itul semestrului I al anului \u00een curs, RATP Ia\u0219i avea o balan\u021b\u0103 \u00a0economic\u0103 brut\u0103 pozitiv\u0103 de 2.167.000 lei \u0219i un procent de realizare a indicatorilor propu\u0219i de 167%. \u0218eful municipalit\u0103\u021bii a declarat c\u0103 regia se afl\u0103 \u00een acest moment pe un trend ascendent \u00een ceea ce prive\u0219te plata datoriilor \u0219i reducerea crean\u021belor. \u00cen bugetul pe anul 2016, Prim\u0103ria va continua politica de acordare de gratuit\u0103\u021bi pentru pensionari \u0219i celelalte categorii prev\u0103zute de lege. \u201d\u00cen plus, vom ini\u021bia un dialog cu ligile studen\u021be\u0219ti din Ia\u0219i privind sus\u021binerea activit\u0103\u021bilor \u00een ceea ce prive\u0219te deplasarea studen\u021bilor cu mijloacele de transport \u00een comun, de aceea\u0219i m\u0103sur\u0103 urm\u00e2nd s\u0103 beneficieze, ca \u0219i p\u00e2n\u0103 acum, \u0219i elevii\u201d, a precizat Mihai Chirica. Un alt proiect important aflat pe ordinea de zi a \u0219edin\u021bei de miercuri a Consiliului Local Municipal \u00eel reprezint\u0103 proiectul de hot\u0103r\u00e2re privind contractarea de c\u0103tre Prim\u0103rie a unui \u00eemprumut \u00een vederea asigur\u0103rii cofinan\u021b\u0103rii unor proiecte europene. \u201dEste vorba despre o sum\u0103 \u00een valoare de 29, 9 milioane de lei, necesar\u0103 \u00een special pentru acoperirea unei penalit\u0103\u021bi primite \u00een cazul proiectului privind managementul integrat al traficului \u00een municipiul Ia\u0219i, \u00een procent de 25% \u0219i care acoper\u0103 21.000 de lei \u0219i restul de bani, circa 380.000 de lei, necesar\u0103 pentru reabilitarea \u0218colii Carol I\u201d, a afirmat primarul.<\/p>\n","protected":false},"excerpt":{"rendered":"<p>Consilierii locali ie\u0219eni se vor \u00eentruni miercuri, 30 septembrie, \u00eentr-o \u0219edin\u021b\u0103 ordinar\u0103, pe a c\u0103rei&#8230; <a class=\"meta-more\" href=\"https:\/\/infois.ro\/?p=19674\">more <span class=\"meta-nav\">&raquo;<\/span><\/a><\/p>\n","protected":false},"author":2,"featured_media":19675,"comment_status":"open","ping_status":"closed","sticky":false,"template":"","format":"standard","meta":{"footnotes":""},"categories":[1,41],"tags":[74,7537,2659,40,1885],"aioseo_notices":[],"_links":{"self":[{"href":"https:\/\/infois.ro\/index.php?rest_route=\/wp\/v2\/posts\/19674"}],"collection":[{"href":"https:\/\/infois.ro\/index.php?rest_route=\/wp\/v2\/posts"}],"about":[{"href":"https:\/\/infois.ro\/index.php?rest_route=\/wp\/v2\/types\/post"}],"author":[{"embeddable":true,"href":"https:\/\/infois.ro\/index.php?rest_route=\/wp\/v2\/users\/2"}],"replies":[{"embeddable":true,"href":"https:\/\/infois.ro\/index.php?rest_route=%2Fwp%2Fv2%2Fcomments&post=19674"}],"version-history":[{"count":2,"href":"https:\/\/infois.ro\/index.php?rest_route=\/wp\/v2\/posts\/19674\/revisions"}],"predecessor-version":[{"id":19677,"href":"https:\/\/infois.ro\/index.php?rest_route=\/wp\/v2\/posts\/19674\/revisions\/19677"}],"wp:featuredmedia":[{"embeddable":true,"href":"https:\/\/infois.ro\/index.php?rest_route=\/wp\/v2\/media\/19675"}],"wp:attachment":[{"href":"https:\/\/infois.ro\/index.php?rest_route=%2Fwp%2Fv2%2Fmedia&parent=19674"}],"wp:term":[{"taxonomy":"category","embeddable":true,"href":"https:\/\/infois.ro\/index.php?rest_route=%2Fwp%2Fv2%2Fcategories&post=19674"},{"taxonomy":"post_tag","embeddable":true,"href":"https:\/\/infois.ro\/index.php?rest_route=%2Fwp%2Fv2%2Ftags&post=19674"}],"curies":[{"name":"wp","href":"https:\/\/api.w.org\/{rel}","templated":true}]}}