{"id":19956,"date":"2015-10-13T09:06:54","date_gmt":"2015-10-13T06:06:54","guid":{"rendered":"http:\/\/infois.ro\/?p=19956"},"modified":"2015-10-13T09:07:07","modified_gmt":"2015-10-13T06:07:07","slug":"scoalaprimara-hansel-und-gretel-fiecare-copil-are-dreptul-la-o-educatie-de-calitate","status":"publish","type":"post","link":"https:\/\/infois.ro\/?p=19956","title":{"rendered":"\u015ecoala Primar\u0103 \u201cH\u00e4nsel und Gretel\u201c: \u201cFiecare copil are dreptul la o educa\u021bie de calitate\u201d"},"content":{"rendered":"<p style=\"text-align: justify;\"><a href=\"http:\/\/infois.ro\/wp-content\/uploads\/2015\/01\/hansel-und-gretel.jpg\"><img loading=\"lazy\" decoding=\"async\" class=\"alignleft  wp-image-15465\" src=\"http:\/\/infois.ro\/wp-content\/uploads\/2015\/01\/hansel-und-gretel.jpg\" alt=\"hansel-und-gretel\" width=\"240\" height=\"160\" \/><\/a><\/p>\n<p style=\"text-align: justify;\">\u015ecoala Primar\u0103<strong>\u201c<em>H\u00e4nsel und Gretel\u201c <\/em><\/strong>a rezervat 6 locuri pentru copii inteligen\u021bi, dornici s\u0103 \u00eenve\u021be, care au o situa\u021bie familial\u0103 mai special\u0103. Copiii care vor ocupa aceste locuri vor beneficia \u00een mod gratuit de servicii educa\u021bionale din partea \u0219colii p\u00e2n\u0103 la terminarea ciclului primar.<\/p>\n<p style=\"text-align: justify;\"><strong><em>\u201c<\/em><\/strong>\u015ecoala noastr\u0103 este o \u0219coal\u0103 privat\u0103 de elit\u0103 din Ia\u0219i, la care p\u0103rin\u021bii pl\u0103tesc o taxa de \u0219colarizare. Politica \u0219colii prevede formarea claselor cu cel mult 12 copii. Acest aspect, pe l\u00e2ng\u0103 buna preg\u0103tire a cadrelor didactice, programul intensiv de \u00eenv\u0103\u021bare a limbii germane \u0219i baza material\u0103 de excep\u021bie, asigur\u0103 premisele unui \u00eenv\u0103\u021b\u0103m\u00e2nt de calitate.<\/p>\n<p style=\"text-align: justify;\">Consiliul de administra\u021bie al \u0219colii a ini\u021biat o serie de ac\u021biuni sub genericul <em>Totul pentru educa\u021bie<\/em>. Una dintre ac\u021biuni este recrutarea \u0219i selec\u021bia \u00een luna octombrie, pentru \u0219colarizarea f\u0103r\u0103 tax\u0103, a 6 copii de ciclul primar. P\u00e2n\u0103 \u00een acest moment am \u00eenscris un copil, Andrei, la clasa I. El beneficiaz\u0103 de tot ce ofer\u0103 \u0219coala: manuale, rechizite, mas\u0103, op\u021bionale, after school. Suntem extrem de bucuro\u0219i c\u0103 putem contribui la educa\u021bia lui Andrei<em>\u201c, <\/em>a declarat prof. dr. Angela Sava, directorul \u0219colii.<\/p>\n","protected":false},"excerpt":{"rendered":"<p>\u015ecoala Primar\u0103\u201cH\u00e4nsel und Gretel\u201c a rezervat 6 locuri pentru copii inteligen\u021bi, dornici s\u0103 \u00eenve\u021be, care&#8230; <a class=\"meta-more\" href=\"https:\/\/infois.ro\/?p=19956\">more <span class=\"meta-nav\">&raquo;<\/span><\/a><\/p>\n","protected":false},"author":2,"featured_media":0,"comment_status":"open","ping_status":"closed","sticky":false,"template":"","format":"standard","meta":{"footnotes":""},"categories":[12],"tags":[271,6492,40,7592],"aioseo_notices":[],"_links":{"self":[{"href":"https:\/\/infois.ro\/index.php?rest_route=\/wp\/v2\/posts\/19956"}],"collection":[{"href":"https:\/\/infois.ro\/index.php?rest_route=\/wp\/v2\/posts"}],"about":[{"href":"https:\/\/infois.ro\/index.php?rest_route=\/wp\/v2\/types\/post"}],"author":[{"embeddable":true,"href":"https:\/\/infois.ro\/index.php?rest_route=\/wp\/v2\/users\/2"}],"replies":[{"embeddable":true,"href":"https:\/\/infois.ro\/index.php?rest_route=%2Fwp%2Fv2%2Fcomments&post=19956"}],"version-history":[{"count":2,"href":"https:\/\/infois.ro\/index.php?rest_route=\/wp\/v2\/posts\/19956\/revisions"}],"predecessor-version":[{"id":19958,"href":"https:\/\/infois.ro\/index.php?rest_route=\/wp\/v2\/posts\/19956\/revisions\/19958"}],"wp:attachment":[{"href":"https:\/\/infois.ro\/index.php?rest_route=%2Fwp%2Fv2%2Fmedia&parent=19956"}],"wp:term":[{"taxonomy":"category","embeddable":true,"href":"https:\/\/infois.ro\/index.php?rest_route=%2Fwp%2Fv2%2Fcategories&post=19956"},{"taxonomy":"post_tag","embeddable":true,"href":"https:\/\/infois.ro\/index.php?rest_route=%2Fwp%2Fv2%2Ftags&post=19956"}],"curies":[{"name":"wp","href":"https:\/\/api.w.org\/{rel}","templated":true}]}}