{"id":19983,"date":"2015-10-13T10:18:03","date_gmt":"2015-10-13T07:18:03","guid":{"rendered":"http:\/\/infois.ro\/?p=19983"},"modified":"2015-10-13T10:18:03","modified_gmt":"2015-10-13T07:18:03","slug":"mesajul-primarului-interimar-mihai-chirica-cu-ocazia-sarbatorilor-iasului-2015","status":"publish","type":"post","link":"https:\/\/infois.ro\/?p=19983","title":{"rendered":"Mesajul primarului interimar Mihai Chirica cu ocazia S\u0103rb\u0103torilor Ia\u0219ului 2015"},"content":{"rendered":"<p style=\"text-align: justify;\"><a href=\"http:\/\/infois.ro\/wp-content\/uploads\/2015\/10\/mihai-chirica.jpg\"><img loading=\"lazy\" decoding=\"async\" class=\"alignleft  wp-image-19984\" src=\"http:\/\/infois.ro\/wp-content\/uploads\/2015\/10\/mihai-chirica.jpg\" alt=\"mihai-chirica\" width=\"386\" height=\"257\" srcset=\"https:\/\/infois.ro\/wp-content\/uploads\/2015\/10\/mihai-chirica.jpg 600w, https:\/\/infois.ro\/wp-content\/uploads\/2015\/10\/mihai-chirica-300x200.jpg 300w\" sizes=\"(max-width: 386px) 100vw, 386px\" \/><\/a><\/p>\n<p style=\"text-align: justify;\"><strong>Stimat\u0103 doamn\u0103, Stimate domn,<\/strong><\/p>\n<p style=\"text-align: justify;\">A \u00eenceput a XXIV-a edi\u0163ie a S\u0103rb\u0103torilor Ia\u015fului. \u00cen acest an, marea s\u0103rb\u0103toare a ie\u0219enilor, organizat\u0103 de Prim\u0103ria Municipiului Ia\u015fi \u015fi Mitropolia Moldovei \u015fi Bucovinei, va fi mai generoas\u0103 \u00een evenimente ca oric\u00e2nd. Manifestarea propune de-a lungul \u00eentregii luni octombrie o multitudine de ac\u0163iuni culturale, educa\u0163ionale, civice, sportive \u015fi de divertisment \u2013 pentru to\u021bi ie\u0219enii! Pentru prima dat\u0103, cuv\u00e2ntul hot\u0103r\u00e2tor \u00een stabilirea programului S\u0103rb\u0103torilor l-a avut, a\u0219a cum era normal, comunitatea. \u00cen urma mai multor consult\u0103ri cu locuitorii Ia\u0219ului, la dorin\u021ba lor, am decis s\u0103 delimit\u0103m manifest\u0103rile religioase de cele laice. P\u00e2n\u0103 pe data de 15 octombrie, pe spa\u0163iul public dintre Prim\u0103ria Municipiului Ia\u015fi, Mitropolia Moldovei, inclusiv Palatul Culturii, nu va fi organizat niciun eveniment zgomotos, pentru a nu perturba pelerinii care se vor reculege la moa\u015ftele Sfintei Cuvioase Parascheva. De aceea, \u00een prima parte a lunii octombrie, toate evenimentele ce cuprind muzic\u0103, dans, \u00eentreceri sportive, aplauze \u015fi mult\u0103 veselie se vor desf\u0103\u015fura \u00een alte puncte din ora\u015f, urm\u00e2nd ca abia dup\u0103 data de 15 octombrie s\u0103 ajung\u0103 \u015fi \u00een centrul Ia\u015fului. \u00cen\u021belegem aceast\u0103 apropiere de comunitate ca pe un nou mod de a face administra\u021bie, ca pe un nou \u00eenceput \u00een administra\u021bia municipiului Ia\u0219i. Vom continua s\u0103 \u021binem permanent leg\u0103tur\u0103 cu dumneavoastr\u0103 \u0219i \u00een ceea ce prive\u0219te \u00eentocmirea bugetului pe 2016, marile investi\u021biile ale Ia\u0219ului \u0219i proiectele pentru fiecare cartier \u00een parte. Ultimele evenimente care au afectat at\u00e2t imaginea Prim\u0103riei c\u00e2t \u0219i pe cea a Consiliului Jude\u021bean ne oblig\u0103 la o reevaluare a rela\u021biei cu cet\u0103\u021benii. Dorin\u021ba noastr\u0103 este de a transforma Prim\u0103ria Municipiului Ia\u0219i \u00eentr-o institu\u021bie modern\u0103, transparent\u0103, deschis\u0103 la dialog, adecvat\u0103 priorit\u0103\u021bilor secolului al XXI-lea. Misiunea cea mai important\u0103 va fi aceea de a schimba percep\u021bia ie\u0219enilor despre cei care ar trebui s\u0103 serveasc\u0103 interesele comunit\u0103\u021bii. Doar \u00eempreun\u0103 putem readuce Ia\u0219ului str\u0103lucirea de alt\u0103dat\u0103. De aceea, v\u0103 chem al\u0103turi de administra\u021bia local\u0103 \u00een marile proiecte ale Ia\u0219ului, cel mai important dintre ele fiind Ia\u0219i \u2013 Capital\u0103 European\u0103 a Culturii. Chiar \u00een aceast\u0103 perioad\u0103, ora\u0219ul nostru \u00ee\u015fi depune dosarul pentru candidatura la titlul de Capital\u0103 European\u0103 a Culturii \u015fi va trebui s\u0103 demonstr\u0103m \u0163\u0103rii \u015fi lumii c\u0103 Ia\u015ful merit\u0103 acest statut. Mediul academic \u0219i toate for\u021bele politice din municipiu sprijin\u0103 acest demers. Sunt convins c\u0103 noi, ie\u0219enii, vom face tot ce este posibil ca Europa s\u0103 recunoasc\u0103 meritul Ia\u0219ului de a fi o Capital\u0103 a Culturii \u0219i a Cunoa\u0219terii. Ia\u0219ul, ora\u0219ul din sufletul nostru, v\u0103 cheam\u0103 s\u0103-i fi\u0163i din nou al\u0103turi! V\u0103 a\u015ftept\u0103m cu drag!<\/p>\n<p style=\"text-align: justify;\"><strong>Mihai Chirica,\u00a0primarul interimar al municipiului Ia\u0219i<\/strong><\/p>\n","protected":false},"excerpt":{"rendered":"<p>Stimat\u0103 doamn\u0103, Stimate domn, A \u00eenceput a XXIV-a edi\u0163ie a S\u0103rb\u0103torilor Ia\u015fului. \u00cen acest an,&#8230; <a class=\"meta-more\" href=\"https:\/\/infois.ro\/?p=19983\">more <span class=\"meta-nav\">&raquo;<\/span><\/a><\/p>\n","protected":false},"author":2,"featured_media":19984,"comment_status":"open","ping_status":"closed","sticky":false,"template":"","format":"standard","meta":{"footnotes":""},"categories":[1,41],"tags":[74,40,5786,477,2064,3165],"aioseo_notices":[],"_links":{"self":[{"href":"https:\/\/infois.ro\/index.php?rest_route=\/wp\/v2\/posts\/19983"}],"collection":[{"href":"https:\/\/infois.ro\/index.php?rest_route=\/wp\/v2\/posts"}],"about":[{"href":"https:\/\/infois.ro\/index.php?rest_route=\/wp\/v2\/types\/post"}],"author":[{"embeddable":true,"href":"https:\/\/infois.ro\/index.php?rest_route=\/wp\/v2\/users\/2"}],"replies":[{"embeddable":true,"href":"https:\/\/infois.ro\/index.php?rest_route=%2Fwp%2Fv2%2Fcomments&post=19983"}],"version-history":[{"count":1,"href":"https:\/\/infois.ro\/index.php?rest_route=\/wp\/v2\/posts\/19983\/revisions"}],"predecessor-version":[{"id":19985,"href":"https:\/\/infois.ro\/index.php?rest_route=\/wp\/v2\/posts\/19983\/revisions\/19985"}],"wp:featuredmedia":[{"embeddable":true,"href":"https:\/\/infois.ro\/index.php?rest_route=\/wp\/v2\/media\/19984"}],"wp:attachment":[{"href":"https:\/\/infois.ro\/index.php?rest_route=%2Fwp%2Fv2%2Fmedia&parent=19983"}],"wp:term":[{"taxonomy":"category","embeddable":true,"href":"https:\/\/infois.ro\/index.php?rest_route=%2Fwp%2Fv2%2Fcategories&post=19983"},{"taxonomy":"post_tag","embeddable":true,"href":"https:\/\/infois.ro\/index.php?rest_route=%2Fwp%2Fv2%2Ftags&post=19983"}],"curies":[{"name":"wp","href":"https:\/\/api.w.org\/{rel}","templated":true}]}}