{"id":20052,"date":"2015-10-15T20:39:19","date_gmt":"2015-10-15T17:39:19","guid":{"rendered":"http:\/\/infois.ro\/?p=20052"},"modified":"2015-10-15T20:42:17","modified_gmt":"2015-10-15T17:42:17","slug":"proiect-privind-reconversia-profesionala-a-femeilor-somere-din-judetul-iasi","status":"publish","type":"post","link":"https:\/\/infois.ro\/?p=20052","title":{"rendered":"Proiect privind reconversia profesional\u0103 a femeilor \u0219omere din jude\u021bul Ia\u0219i"},"content":{"rendered":"<p style=\"text-align: justify;\"><a href=\"http:\/\/infois.ro\/wp-content\/uploads\/2015\/10\/reconversie.jpg\"><img loading=\"lazy\" decoding=\"async\" class=\"alignleft  wp-image-20056\" src=\"http:\/\/infois.ro\/wp-content\/uploads\/2015\/10\/reconversie.jpg\" alt=\"reconversie\" width=\"341\" height=\"205\" srcset=\"https:\/\/infois.ro\/wp-content\/uploads\/2015\/10\/reconversie.jpg 600w, https:\/\/infois.ro\/wp-content\/uploads\/2015\/10\/reconversie-300x180.jpg 300w\" sizes=\"(max-width: 341px) 100vw, 341px\" \/><\/a><\/p>\n<p style=\"text-align: justify;\">Vineri, 16 octombrie, de la ora 11.00, Sala Galben\u0103 a Prefecturii Ia\u0219i va g\u0103zdui conferin\u021ba de \u00eenchidere a proiectului \u201dSprijin \u0219i suport pentru femei defavorizate\u201d, implementat de Asocia\u0163ia \u201dHarmony in the social area Ia\u0219i\u201c, \u00een parteneriat cu Consiliul Jude\u0163ean Ia\u015fi. Scopul principal al proiectului, \u00een valoare total\u0103 de 30.950 lei, din care 24.950 reprezint\u0103 finan\u021bare nerambursabil\u0103 din bugetul Consiliului jude\u021bean Ia\u0219i, conform prevederilor Legii nr. 350\/ 2005 privind regimul finan\u021b\u0103rilor nerambursabile din fonduri publice alocate pentru activit\u0103\u021bi nonprofit de interes general, a fost acela de a dezvolta abilit\u0103\u0163i \u00een domeniul croitoriei pentru 12 femei din jude\u0163ul Ia\u015fi, ce apar\u0163in grupurilor vulnerabile \u2013 femei \u015fomere, cu v\u00e2rsta de peste 45 de ani, mame singure, mame care au copii cu dizabilit\u0103\u0163i. \u201dPentru c\u0103 multe femei care au copii cu dizabilit\u0103\u021bi \u0219i-au dorit s\u0103 participe la acest curs, avem un num\u0103r de \u0219apte participante aflate \u00een eviden\u021ba Funda\u021biei Star of Hope, care au \u00een grij\u0103 copii din aceast\u0103 categorie \u0219i care\u00a0 mai apoi s\u0103 poat\u0103 folosi cuno\u015ftin\u0163ele \u00een interesul familiei, pentru mici repara\u0163ii vestimentare sau confec\u0163ionarea de articole textile de uz casnic. Proiectul a fost implementat pe o perioad\u0103 de dou\u0103 luni, \u00eencep\u00e2nd cu\u00a0 17 august 2015, \u0219i a inclus printre cursante \u0219apte mame ce au \u00een \u00eengrijire\u00a0 copii cu dizabilit\u0103\u021bi, o mam\u0103 singur\u0103 \u0219i cinci femei care sunt \u0219omere sau \u00een c\u0103utarea unui loc de munc\u0103\u201d, a declarat Ema\u00a0 Ciobanu, pre\u0219edinta Asocia\u021biei \u201dHarmony in the social area\u201d Ia\u0219i. Rezultatele\u00a0 ob\u021binute\u00a0 \u00een urma implement\u0103rii acestui proiect sunt urm\u0103toarele: tip\u0103rirea \u0219i distribuirea unui num\u0103r de 500 de pliante de prezentare a proiectului \u0219i a finan\u021batorului, elaborate \u0219i diseminate, pentru recrutarea \u0219i informarea\u00a0 grupului \u021bint\u0103 despre oferta proiectului, 12 femei care au dob\u00e2ndit abilit\u0103\u0163i specifice domeniului croitoriei\/confec\u0163iilor textile \u0219i care se vor descurca \u00een aceast\u0103 meserie ca \u0219i angajate, sau care vor folosi abilit\u0103\u021bile dob\u00e2ndite pentru a confec\u021biona diverse articole de uz personal \u0219i casnic, peste o sut\u0103 de articole confec\u021bionate din materialele textile achizi\u021bionate prin fondurile alocate\u00a0 proiectului (s\u0103cule\u021bi papuci, gen\u021bi rustice, fe\u021be de pern\u0103, cearceafuri, fe\u021be de mas\u0103), reconversia\u00a0 profesional\u0103 a femeilor \u0219omere sau aflate \u00een c\u0103utarea unui loc de munc\u0103, participante la curs.<\/p>\n","protected":false},"excerpt":{"rendered":"<p>Vineri, 16 octombrie, de la ora 11.00, Sala Galben\u0103 a Prefecturii Ia\u0219i va g\u0103zdui conferin\u021ba&#8230; <a class=\"meta-more\" href=\"https:\/\/infois.ro\/?p=20052\">more <span class=\"meta-nav\">&raquo;<\/span><\/a><\/p>\n","protected":false},"author":2,"featured_media":20056,"comment_status":"open","ping_status":"closed","sticky":false,"template":"","format":"standard","meta":{"footnotes":""},"categories":[32],"tags":[889,7617,40,3112,7616],"aioseo_notices":[],"_links":{"self":[{"href":"https:\/\/infois.ro\/index.php?rest_route=\/wp\/v2\/posts\/20052"}],"collection":[{"href":"https:\/\/infois.ro\/index.php?rest_route=\/wp\/v2\/posts"}],"about":[{"href":"https:\/\/infois.ro\/index.php?rest_route=\/wp\/v2\/types\/post"}],"author":[{"embeddable":true,"href":"https:\/\/infois.ro\/index.php?rest_route=\/wp\/v2\/users\/2"}],"replies":[{"embeddable":true,"href":"https:\/\/infois.ro\/index.php?rest_route=%2Fwp%2Fv2%2Fcomments&post=20052"}],"version-history":[{"count":2,"href":"https:\/\/infois.ro\/index.php?rest_route=\/wp\/v2\/posts\/20052\/revisions"}],"predecessor-version":[{"id":20057,"href":"https:\/\/infois.ro\/index.php?rest_route=\/wp\/v2\/posts\/20052\/revisions\/20057"}],"wp:featuredmedia":[{"embeddable":true,"href":"https:\/\/infois.ro\/index.php?rest_route=\/wp\/v2\/media\/20056"}],"wp:attachment":[{"href":"https:\/\/infois.ro\/index.php?rest_route=%2Fwp%2Fv2%2Fmedia&parent=20052"}],"wp:term":[{"taxonomy":"category","embeddable":true,"href":"https:\/\/infois.ro\/index.php?rest_route=%2Fwp%2Fv2%2Fcategories&post=20052"},{"taxonomy":"post_tag","embeddable":true,"href":"https:\/\/infois.ro\/index.php?rest_route=%2Fwp%2Fv2%2Ftags&post=20052"}],"curies":[{"name":"wp","href":"https:\/\/api.w.org\/{rel}","templated":true}]}}