{"id":20210,"date":"2015-10-27T08:28:01","date_gmt":"2015-10-27T06:28:01","guid":{"rendered":"http:\/\/infois.ro\/?p=20210"},"modified":"2015-10-27T08:28:01","modified_gmt":"2015-10-27T06:28:01","slug":"profesori-din-trei-tari-europene-prezenti-la-liceul-tehnologic-economic-de-turism-din-iasi-in-cadrul-unui-proiect-erasmus","status":"publish","type":"post","link":"https:\/\/infois.ro\/?p=20210","title":{"rendered":"Profesori din trei \u021b\u0103ri europene, prezen\u021bi la Liceul Tehnologic Economic de Turism din Ia\u0219i, \u00een cadrul unui proiect  ERASMUS+"},"content":{"rendered":"<p><a href=\"http:\/\/infois.ro\/wp-content\/uploads\/2014\/07\/noua-erasmus-plus.jpg\"><img loading=\"lazy\" decoding=\"async\" class=\" wp-image-12276 alignleft\" src=\"http:\/\/infois.ro\/wp-content\/uploads\/2014\/07\/noua-erasmus-plus.jpg\" alt=\"noua-erasmus-plus\" width=\"368\" height=\"186\" srcset=\"https:\/\/infois.ro\/wp-content\/uploads\/2014\/07\/noua-erasmus-plus.jpg 600w, https:\/\/infois.ro\/wp-content\/uploads\/2014\/07\/noua-erasmus-plus-300x151.jpg 300w\" sizes=\"(max-width: 368px) 100vw, 368px\" \/><\/a><\/p>\n<p style=\"text-align: justify;\">\u00cen perioada 28.10.2015-30.10.2015, la Liceul Tehnologic Economic de Turism din Ia\u0219i se va desf\u0103\u0219ura prima \u00eent\u00e2lnire de lucru \u00een cadrul proiectului Erasmus \u201cCooperarea dintre \u0219colile europene \u00een vederea cre\u0103rii, aplic\u0103rii \u0219i disemin\u0103rii resurselor educa\u021bionale deschise prin folosirea tehnologiilor informa\u021biei \u0219i ale comunic\u0103rii\u201d. \u00cent\u00e2lnirea este una transna\u021bional\u0103, la ea urm\u00e2nd s\u0103 participe echipe alc\u0103tuite din c\u00e2te trei profesori din \u0219colile partenere. Coordonator este\u00a0\u00a0XIV Liceum Og\u00f3lnokszta\u0142c\u0105ce, Pozna\u0144 &#8211; Polonia \u0219i parteneri: Bolvadin Anadolu Lisesi \u2013Turcia,\u00a0\u00a0Istituto D&#8217;Istruzione Superiore \u2013 Italia \u0219i\u00a0 Liceul Tehnologic Economic de Turism Ia\u0219i. Delega\u021bia interna\u021bional\u0103 este alc\u0103tuit\u0103 din nou\u0103 membri la care se adaug\u0103 membrii din \u0219coala gazd\u0103. \u0218edin\u021bele de lucru se vor desf\u0103\u0219ura \u00een cadrul \u0219colii, conform unui program stabilit de comun acord \u0219i vor avea la baz\u0103 lucrul pe echipe. Nu va lipsi din \u00a0program \u0219i vizitarea unor obiective turistice importante din ora\u0219ul Ia\u0219i. \u201dPentru c\u0103 obiectivul principal al proiectului este acela de a implementa folosirea tehnologiei \u00een cadrul curriculum-ului, cu scopul de a dezvolta elevilor competen\u021be \u0219i abilit\u0103\u021bi necesare secolului XXI, \u00eentr-un mod eficient \u0219i creativ, aceast\u0103 \u00eent\u00e2lnire de proiect va fi un bun prilej pentru membrii echipelor: s\u0103 se cunoasc\u0103, s\u0103 discute despre mijloacele de comunicare \u0219i despre activit\u0103\u021bile specifice care implic\u0103 folosirea tehnologiei informa\u021biei \u0219i a comunic\u0103rii (TwinSpace, Facebook fanpage, Facebook group (Erasmus+Innovations in Open Education. Google tools,\u00a0 website-ul proiectului). De asemenea, vor fi stabilite \u0219i o parte din sarcinile elevilor ce vor participa la activit\u0103\u021bile proiectului \u0219i prin care se urm\u0103re\u0219te realizarea unor produse intelectuale precum: crearea unui minidic\u021bionar pentru elevii din celelalte \u021b\u0103ri, crearea unui filmule\u021b de promovare a proiectului, o prezentare padlet, concursuri etc\u201d, se precizeaz\u0103 \u00eentr-un comunicat de pres\u0103 al Inspectoratului \u0218coalr Jude\u021bean (I\u0218J) Ia\u0219i. Urm\u0103toarea \u00eent\u00e2lnire va fi la \u00eenceputul lunii decembrie \u00een Polonia \u00a0\u0219i vor participa at\u00e2t\u00a0 profesori, c\u00e2t \u0219i\u00a0 elevi.<\/p>\n","protected":false},"excerpt":{"rendered":"<p>\u00cen perioada 28.10.2015-30.10.2015, la Liceul Tehnologic Economic de Turism din Ia\u0219i se va desf\u0103\u0219ura prima&#8230; <a class=\"meta-more\" href=\"https:\/\/infois.ro\/?p=20210\">more <span class=\"meta-nav\">&raquo;<\/span><\/a><\/p>\n","protected":false},"author":2,"featured_media":12276,"comment_status":"open","ping_status":"closed","sticky":false,"template":"","format":"standard","meta":{"footnotes":""},"categories":[12],"tags":[4900,395,40,3112],"aioseo_notices":[],"_links":{"self":[{"href":"https:\/\/infois.ro\/index.php?rest_route=\/wp\/v2\/posts\/20210"}],"collection":[{"href":"https:\/\/infois.ro\/index.php?rest_route=\/wp\/v2\/posts"}],"about":[{"href":"https:\/\/infois.ro\/index.php?rest_route=\/wp\/v2\/types\/post"}],"author":[{"embeddable":true,"href":"https:\/\/infois.ro\/index.php?rest_route=\/wp\/v2\/users\/2"}],"replies":[{"embeddable":true,"href":"https:\/\/infois.ro\/index.php?rest_route=%2Fwp%2Fv2%2Fcomments&post=20210"}],"version-history":[{"count":1,"href":"https:\/\/infois.ro\/index.php?rest_route=\/wp\/v2\/posts\/20210\/revisions"}],"predecessor-version":[{"id":20211,"href":"https:\/\/infois.ro\/index.php?rest_route=\/wp\/v2\/posts\/20210\/revisions\/20211"}],"wp:featuredmedia":[{"embeddable":true,"href":"https:\/\/infois.ro\/index.php?rest_route=\/wp\/v2\/media\/12276"}],"wp:attachment":[{"href":"https:\/\/infois.ro\/index.php?rest_route=%2Fwp%2Fv2%2Fmedia&parent=20210"}],"wp:term":[{"taxonomy":"category","embeddable":true,"href":"https:\/\/infois.ro\/index.php?rest_route=%2Fwp%2Fv2%2Fcategories&post=20210"},{"taxonomy":"post_tag","embeddable":true,"href":"https:\/\/infois.ro\/index.php?rest_route=%2Fwp%2Fv2%2Ftags&post=20210"}],"curies":[{"name":"wp","href":"https:\/\/api.w.org\/{rel}","templated":true}]}}