{"id":2024,"date":"2012-10-03T15:26:03","date_gmt":"2012-10-03T12:26:03","guid":{"rendered":"http:\/\/infois.ro\/?p=2024"},"modified":"2012-10-03T15:26:03","modified_gmt":"2012-10-03T12:26:03","slug":"o-noua-actiune-de-colectare-a-deseurilor-electrice-si-electrocasnice-organizata-la-iasi","status":"publish","type":"post","link":"https:\/\/infois.ro\/?p=2024","title":{"rendered":"O nou\u0103 ac\u021biune de colectare a de\u0219eurilor electrice \u0219i electrocasnice, organizat\u0103 la Ia\u0219i"},"content":{"rendered":"<p style=\"text-align: justify;\"><a class=\"highslide\" onclick=\"return vz.expand(this)\" href=\"http:\/\/infois.ro\/wp-content\/uploads\/2012\/10\/actiune-reciclare-deee.jpg\"><img loading=\"lazy\" decoding=\"async\" class=\"alignleft size-large wp-image-2025\" title=\"actiune reciclare deee\" src=\"http:\/\/infois.ro\/wp-content\/uploads\/cache\/2012\/10\/actiune-reciclare-deee\/1672132558.jpg\" alt=\"\" width=\"621\" height=\"481\" \/><\/a>Prim\u0103ria municipiului Ia\u015fi \u015fi SC Salubris SA, \u00eempreun\u0103 cu Asocia\u0163ia Rom\u00e2n\u0103 pentru Reciclare (RoRec), organizeaz\u0103 s\u00e2mb\u0103t\u0103, 6 octombrie 2012, o nou\u0103 ac\u021biune de colectare a de\u0219eurilor de echipamente electrice \u0219i electronice (DEEE), \u00een cadrul campaniei \u201dLocul de\u0219eurilor nu este \u00een cas\u0103. Trimite-le la plimbare!\u201d. Campania face parte dintr-o ac\u0163iune de mediu derulat\u0103 de Asocia\u0163ia RoRec la nivel na\u0163ional, \u00een parteneriat cu prim\u0103riile locale \u015fi \u00een conformitate cu Normele Europene \u015fi legisla\u0163ia \u00een vigoare (OUG 78\/2000, Legea 426\/2001, OUG 61\/2006, Directiva 2002\/96\/CE, HG 448\/2005 si OM 1225\/2005). \u00cen cadrul acestei ac\u021biuni, s\u00e2mb\u0103t\u0103, 6 octombrie 2012, \u00eentre orele 9.00 \u0219i 16.00, \u00een municipiul Ia\u0219i vor fi deschise 19 puncte provizorii de colectare a de\u0219eurilor de echipamente electrice \u0219i electronice, care vor fi amplasate \u00een urm\u0103toarele loca\u021bii: sediul SC Salubris SA (\u0218os. Na\u021bional\u0103 nr. 43), parcarea CET Ia\u0219i (vis-a-vis de Magazinul Baumax), \u0218coala nr. 2 \u201dVeronica Micle\u201d, \u0218coala nr. 3 \u201dAlexandru Vlahu\u021b\u0103\u201d, \u0218coala nr. 4 \u201dIonel Teodoreanu\u201d, \u0218coala nr. 7 \u201dNicolae Tonitza\u201d, \u0218coala nr. 16 \u201dMircea cel B\u0103tr\u00e2n\u201d, \u0218coala nr. 17 \u201dIon Creang\u0103\u201d, \u0218coala nr. 18 \u201dCostachi Conachi\u201d, \u0218coala nr. 9 \u201dElena Cuza\u201d, \u0218coala nr. 25 \u201dMiron Costin\u201d, \u0218coala nr. 34 \u201dIon Simionescu\u201d, \u0218coala nr. 36 \u201dVasile Conta\u201d, \u0218coala nr. 40 \u201dAlecu Russo\u201d, \u0218coala nr. 42 \u201dNicolae Iorga\u201d, \u0218coala nr. 43 \u201dDimitrie Sturza\u201d, Colegiul Na\u021bional \u201dEmil Racovi\u021b\u0103\u201d, Grupul \u0218colar \u201dRadu Cern\u0103tescu\u201d \u0219i Liceul \u201dAlexandru Ioan Cuza\u201d. Potrivit reprezentan\u021bilor Asocia\u021biei Rom\u00e2ne pentru Reciclare (RoRec), de\u0219eurile voluminoase de echipamente electrice vor beneficia de preluarea gratuit\u0103 de la domiciliu, pentru programarea comenzilor de preluare de la domiciliu, cet\u0103\u021benii av\u00e2nd la dispozi\u021bie numerele de telefon 0765.622.140 \u0219i 0721.023.521, care vor func\u021biona inclusiv s\u00e2mb\u0103t\u0103, 6 octombrie, \u00eentre orele 9.00 \u2013 16.00. \u00a0Ie\u0219enii\u00a0 care vor participa la ac\u021biunea de colectare a de\u0219eurilor de echipamente electrice \u0219i electronice \u0219i vor depune aparate vechi sau uzate vor fi \u00eenscri\u0219i automat la o tombol\u0103 cu premii oferite de partenerii campaniei, care vor consta \u00een frigidere, hote de buc\u0103t\u0103rie, friteuze, DVD playere, \u0219i aparate de g\u0103tit cu aburi. Potrivit legisla\u021biei europene, fiecare cet\u0103\u021bean rom\u00e2n ar trebui s\u0103 colecteze circa patru kilograme de de\u0219euri electrice \u0219i electronice anual, \u00een condi\u021biile \u00een care, \u00een prezent, procentul de predare spre reciclare a DEEE nu dep\u0103\u0219e\u0219t, \u00een \u021bara noastr\u0103, 25% din aceast\u0103 cifr\u0103. Av\u00e2nd \u00een vedere c\u0103 responsabilitatea principal\u0103 pentru colectarea de\u0219eurilor de aparate electrice \u0219i electronice revine, potrivit legii, administra\u021biilor locale, reprezentan\u021bii SC Salubris SA au anun\u021bat c\u0103 p\u00e2n\u0103 la sf\u00e2r\u0219itul acestei luni, la Ia\u0219i va fi inaugurat un centru de colectare pentru aceste tipuri de de\u0219euri reciclabile.<\/p>\n","protected":false},"excerpt":{"rendered":"<p>Prim\u0103ria municipiului Ia\u015fi \u015fi SC Salubris SA, \u00eempreun\u0103 cu Asocia\u0163ia Rom\u00e2n\u0103 pentru Reciclare (RoRec), organizeaz\u0103&#8230; <a class=\"meta-more\" href=\"https:\/\/infois.ro\/?p=2024\">more <span class=\"meta-nav\">&raquo;<\/span><\/a><\/p>\n","protected":false},"author":2,"featured_media":2025,"comment_status":"open","ping_status":"open","sticky":false,"template":"","format":"standard","meta":{"footnotes":""},"categories":[1,41],"tags":[74,899,577],"aioseo_notices":[],"_links":{"self":[{"href":"https:\/\/infois.ro\/index.php?rest_route=\/wp\/v2\/posts\/2024"}],"collection":[{"href":"https:\/\/infois.ro\/index.php?rest_route=\/wp\/v2\/posts"}],"about":[{"href":"https:\/\/infois.ro\/index.php?rest_route=\/wp\/v2\/types\/post"}],"author":[{"embeddable":true,"href":"https:\/\/infois.ro\/index.php?rest_route=\/wp\/v2\/users\/2"}],"replies":[{"embeddable":true,"href":"https:\/\/infois.ro\/index.php?rest_route=%2Fwp%2Fv2%2Fcomments&post=2024"}],"version-history":[{"count":1,"href":"https:\/\/infois.ro\/index.php?rest_route=\/wp\/v2\/posts\/2024\/revisions"}],"predecessor-version":[{"id":2026,"href":"https:\/\/infois.ro\/index.php?rest_route=\/wp\/v2\/posts\/2024\/revisions\/2026"}],"wp:featuredmedia":[{"embeddable":true,"href":"https:\/\/infois.ro\/index.php?rest_route=\/wp\/v2\/media\/2025"}],"wp:attachment":[{"href":"https:\/\/infois.ro\/index.php?rest_route=%2Fwp%2Fv2%2Fmedia&parent=2024"}],"wp:term":[{"taxonomy":"category","embeddable":true,"href":"https:\/\/infois.ro\/index.php?rest_route=%2Fwp%2Fv2%2Fcategories&post=2024"},{"taxonomy":"post_tag","embeddable":true,"href":"https:\/\/infois.ro\/index.php?rest_route=%2Fwp%2Fv2%2Ftags&post=2024"}],"curies":[{"name":"wp","href":"https:\/\/api.w.org\/{rel}","templated":true}]}}