{"id":2027,"date":"2012-10-03T15:28:36","date_gmt":"2012-10-03T12:28:36","guid":{"rendered":"http:\/\/infois.ro\/?p=2027"},"modified":"2012-10-03T15:28:36","modified_gmt":"2012-10-03T12:28:36","slug":"incep-inscrierile-pentru-functia-de-presedinte-si-loctiitor-al-presedintelui-sectiei-de-votare-pentru-alegerile-parlamentare","status":"publish","type":"post","link":"https:\/\/infois.ro\/?p=2027","title":{"rendered":"\u00cencep \u00eenscrierile pentru func\u021bia de pre\u0219edinte \u0219i loc\u021biitor al pre\u0219edintelui sec\u021biei de votare pentru alegerile parlamentare"},"content":{"rendered":"<p style=\"text-align: justify;\"><a class=\"highslide\" onclick=\"return vz.expand(this)\" href=\"http:\/\/infois.ro\/wp-content\/uploads\/2012\/10\/alegeri-presedinti-sectii.jpg\"><img loading=\"lazy\" decoding=\"async\" class=\"alignleft size-large wp-image-2028\" title=\"alegeri presedinti sectii\" src=\"http:\/\/infois.ro\/wp-content\/uploads\/cache\/2012\/10\/alegeri-presedinti-sectii\/1257872873.jpg\" alt=\"\" width=\"450\" height=\"274\" \/><\/a>\u00cencep\u00e2nd de joi, 4 octombrie, ie\u0219enii care doresc s\u0103 fie pre\u0219edinte sau\u00a0 loc\u021biitor al pre\u0219edintelui sec\u021biei de votare la alegerile parlamentare din 9 decembrie, se p\u0103ot \u00eenscrie pentru ob\u021binerea documentului care atest\u0103 aceast\u0103 calitate. Potrivit unui comunicat al Biroului de pres\u0103 al Prim\u0103riei, \u00eenscrierile se fac la sediul municipalit\u0103\u021bii , camera nr. 1, \u00eentre orele 8.00 &#8211; 12.00, condi\u021biile fiind acelea\u0219i ca \u0219i pentru alegerile locale. Astfel, \u00een conformitate cu prevederile art. 19 alin.2-5 din din Legea nr.35\/2008, cu modific\u0103rile \u0219i complet\u0103rile ulterioare, pre\u0219edin\u021bii \u0219i loc\u021biitorii acestora trebuie s\u0103 \u00eendeplineasc\u0103 condi\u021biile prev\u0103zute de lege \u0219i s\u0103 aib\u0103 preg\u0103tire juridic\u0103 (\u00een principal), o bun\u0103 reputa\u021bie, s\u0103 nu fac\u0103 parte din niciun partid politic \u0219i din nicio organiza\u021bie a cet\u0103\u021benilor apar\u021bin\u00e2nd minorit\u0103\u021bilor na\u021bionale care particip\u0103 la alegeri \u0219i care nu sunt rude p\u00e2n\u0103 la gradul al IV-lea cu niciunul dintre candida\u021bi.<\/p>\n","protected":false},"excerpt":{"rendered":"<p>\u00cencep\u00e2nd de joi, 4 octombrie, ie\u0219enii care doresc s\u0103 fie pre\u0219edinte sau\u00a0 loc\u021biitor al pre\u0219edintelui&#8230; <a class=\"meta-more\" href=\"https:\/\/infois.ro\/?p=2027\">more <span class=\"meta-nav\">&raquo;<\/span><\/a><\/p>\n","protected":false},"author":2,"featured_media":2028,"comment_status":"open","ping_status":"open","sticky":false,"template":"","format":"standard","meta":{"footnotes":""},"categories":[1,41],"tags":[74,900,901,296],"aioseo_notices":[],"_links":{"self":[{"href":"https:\/\/infois.ro\/index.php?rest_route=\/wp\/v2\/posts\/2027"}],"collection":[{"href":"https:\/\/infois.ro\/index.php?rest_route=\/wp\/v2\/posts"}],"about":[{"href":"https:\/\/infois.ro\/index.php?rest_route=\/wp\/v2\/types\/post"}],"author":[{"embeddable":true,"href":"https:\/\/infois.ro\/index.php?rest_route=\/wp\/v2\/users\/2"}],"replies":[{"embeddable":true,"href":"https:\/\/infois.ro\/index.php?rest_route=%2Fwp%2Fv2%2Fcomments&post=2027"}],"version-history":[{"count":1,"href":"https:\/\/infois.ro\/index.php?rest_route=\/wp\/v2\/posts\/2027\/revisions"}],"predecessor-version":[{"id":2029,"href":"https:\/\/infois.ro\/index.php?rest_route=\/wp\/v2\/posts\/2027\/revisions\/2029"}],"wp:featuredmedia":[{"embeddable":true,"href":"https:\/\/infois.ro\/index.php?rest_route=\/wp\/v2\/media\/2028"}],"wp:attachment":[{"href":"https:\/\/infois.ro\/index.php?rest_route=%2Fwp%2Fv2%2Fmedia&parent=2027"}],"wp:term":[{"taxonomy":"category","embeddable":true,"href":"https:\/\/infois.ro\/index.php?rest_route=%2Fwp%2Fv2%2Fcategories&post=2027"},{"taxonomy":"post_tag","embeddable":true,"href":"https:\/\/infois.ro\/index.php?rest_route=%2Fwp%2Fv2%2Ftags&post=2027"}],"curies":[{"name":"wp","href":"https:\/\/api.w.org\/{rel}","templated":true}]}}