{"id":20282,"date":"2015-10-30T18:59:35","date_gmt":"2015-10-30T16:59:35","guid":{"rendered":"http:\/\/infois.ro\/?p=20282"},"modified":"2015-11-01T09:24:04","modified_gmt":"2015-11-01T07:24:04","slug":"cros-caritabil-pentru-sprijinirea-copiilor-din-centrele-de-plasament","status":"publish","type":"post","link":"https:\/\/infois.ro\/?p=20282","title":{"rendered":"Cros caritabil pentru sprijinirea copiilor din centrele de plasament"},"content":{"rendered":"<p style=\"text-align: justify;\"><a href=\"http:\/\/infois.ro\/wp-content\/uploads\/2015\/11\/cros-caritabil.jpg\"><img loading=\"lazy\" decoding=\"async\" class=\"alignleft  wp-image-20283\" src=\"http:\/\/infois.ro\/wp-content\/uploads\/2015\/11\/cros-caritabil.jpg\" alt=\"cros-caritabil\" width=\"289\" height=\"355\" srcset=\"https:\/\/infois.ro\/wp-content\/uploads\/2015\/11\/cros-caritabil.jpg 600w, https:\/\/infois.ro\/wp-content\/uploads\/2015\/11\/cros-caritabil-244x300.jpg 244w\" sizes=\"(max-width: 289px) 100vw, 289px\" \/><\/a><\/p>\n<p style=\"text-align: justify;\">Asocia\u021bia &#8220;Speran\u021b\u0103 pentru \u00eengera\u0219i&#8221; din Ia\u0219i, \u00een parteneriat cu Direc\u021bia General\u0103 de Asisten\u021b\u0103 Social\u0103 \u0219i Protec\u021bia Copilului (DGASPC) \u0219i Prim\u0103ria municipiului Ia\u0219i, anun\u021b\u0103 lansarea primei edi\u021bii a &#8220;Zilelor Speran\u021bei&#8221;. Evenimentul va debuta s\u00e2mb\u0103t\u0103, 31 octombrie, la ora 10.00, la Iulis Mall, (etajul 2) cu Campania de recrutare a voluntarilor \u201dFii \u0219i tu voluntar!\u201d, \u00een cadrul c\u0103reia se vor discuta probleme ce \u021bin de ac\u021biunile viitoare privind copiii afla\u021bi \u00een sistemul de protec\u021bie social\u0103. \u201dZilele Speran\u021bei\u201d vor continua duminic\u0103, 1 noiembrie, cu crosul caritabil \u201cPa\u0219i pentru \u00eengera\u0219i\u201d \u0219i parada motocicli\u0219tilor MC Trust. \u201dNu conteaz\u0103 CUM alergi, dac\u0103 e\u0219ti amator sau profesionist, dac\u0103 e\u0219ti rapid sau mai \u00eencet, nu conteaz\u0103 v\u00e2rsta, ci conteaz\u0103 DE CE alergi! Implic\u0103-te \u0219i tu! Alearg\u0103 pentru o copil\u0103rie lipsit\u0103 de nori, pentru o copil\u0103rie normal\u0103, pentru un z\u00e2mbet perfect de bebelu\u0219 fericit, pentru cineva pe care \u00eel por\u021bi \u00een suflet sau pentru cineva care te motiveaz\u0103 \u00een fiecare zi! Alearg\u0103 pentru cei din centrele de plasament, fii ambasadorul lor. Crosul \u201cPa\u0219i pentru \u00eengera\u0219i\u201d este un eveniment caritabil de str\u00e2ngere de fonduri pentru copiii afla\u021bi \u00een sistemul de protec\u021bie al statului, aflat la prima edi\u021bie\u201d, precizeaz\u0103 organizatorii, \u00eentr-un comunicat de pres\u0103. Traseul crosului pentru alerg\u0103tori este urm\u0103torul: (START) Palatul Culturii (esplanada Eon Palas Mall ) &#8211; A.Panu &#8211; Tg.Cucu &#8211; Bld.Independen\u021bei &#8211; Piata M.Eminescu (FINISH 1) &#8211; Str.G.Muzicescu (Colegiul Na\u021bional) &#8211; \u00a0Pia\u021ba Unirii- Bld.\u0218tefan cel Mare &#8211; Palatul Culturii\u00a0(esplanada E.ON Palas Mall )\u00a0\u00a0(FINISH 2), \u00een timp ce traseul pentru motocicli\u0219ti este: (START) Palatul Culturii\u00a0(esplanada E.ON Palas Mall )\u00a0&#8211; A.Panu &#8211; Tg.Cucu &#8211; Bld.Independen\u021bei- Pia\u021ba M.Eminescu (FINISH 1) &#8211; \u0219i retur. Ambasador al crosului va fi C\u0103t\u0103lin Moro\u0219anu. Taxa de \u00eenscriere la cros este de 20 lei pentru adul\u021bi \u0219i 10 lei pentru copii.Tot duminic\u0103, 1 noiembrie, \u00een Oxford Pub va avea loc, \u00eencep\u00e2nd cu ora 21.00, spectacolul caritabil de teatru \u0219i muzic\u0103 \u201cArt\u0103 pentru o copil\u0103rie senin\u0103\u201d, \u00een care vor evolua actorii trupei de teatru \u201dIdiot\u201d \u0219i Mihai Popista\u0219u Band. \u00cen schimbul a 20 de lei, spectatorii vor primi o invita\u021bie la acest spectacol.<\/p>\n","protected":false},"excerpt":{"rendered":"<p>Asocia\u021bia &#8220;Speran\u021b\u0103 pentru \u00eengera\u0219i&#8221; din Ia\u0219i, \u00een parteneriat cu Direc\u021bia General\u0103 de Asisten\u021b\u0103 Social\u0103 \u0219i&#8230; <a class=\"meta-more\" href=\"https:\/\/infois.ro\/?p=20282\">more <span class=\"meta-nav\">&raquo;<\/span><\/a><\/p>\n","protected":false},"author":2,"featured_media":20283,"comment_status":"open","ping_status":"closed","sticky":false,"template":"","format":"standard","meta":{"footnotes":""},"categories":[41,32],"tags":[74,3783,7673,40,296],"aioseo_notices":[],"_links":{"self":[{"href":"https:\/\/infois.ro\/index.php?rest_route=\/wp\/v2\/posts\/20282"}],"collection":[{"href":"https:\/\/infois.ro\/index.php?rest_route=\/wp\/v2\/posts"}],"about":[{"href":"https:\/\/infois.ro\/index.php?rest_route=\/wp\/v2\/types\/post"}],"author":[{"embeddable":true,"href":"https:\/\/infois.ro\/index.php?rest_route=\/wp\/v2\/users\/2"}],"replies":[{"embeddable":true,"href":"https:\/\/infois.ro\/index.php?rest_route=%2Fwp%2Fv2%2Fcomments&post=20282"}],"version-history":[{"count":1,"href":"https:\/\/infois.ro\/index.php?rest_route=\/wp\/v2\/posts\/20282\/revisions"}],"predecessor-version":[{"id":20284,"href":"https:\/\/infois.ro\/index.php?rest_route=\/wp\/v2\/posts\/20282\/revisions\/20284"}],"wp:featuredmedia":[{"embeddable":true,"href":"https:\/\/infois.ro\/index.php?rest_route=\/wp\/v2\/media\/20283"}],"wp:attachment":[{"href":"https:\/\/infois.ro\/index.php?rest_route=%2Fwp%2Fv2%2Fmedia&parent=20282"}],"wp:term":[{"taxonomy":"category","embeddable":true,"href":"https:\/\/infois.ro\/index.php?rest_route=%2Fwp%2Fv2%2Fcategories&post=20282"},{"taxonomy":"post_tag","embeddable":true,"href":"https:\/\/infois.ro\/index.php?rest_route=%2Fwp%2Fv2%2Ftags&post=20282"}],"curies":[{"name":"wp","href":"https:\/\/api.w.org\/{rel}","templated":true}]}}