{"id":20609,"date":"2015-11-16T19:31:58","date_gmt":"2015-11-16T17:31:58","guid":{"rendered":"http:\/\/infois.ro\/?p=20609"},"modified":"2015-11-16T19:31:58","modified_gmt":"2015-11-16T17:31:58","slug":"proiectul-de-modernizare-a-aeroportului-international-iasi-la-final","status":"publish","type":"post","link":"https:\/\/infois.ro\/?p=20609","title":{"rendered":"Proiectul de modernizare a Aeroportului Interna\u021bional Ia\u0219i, la final"},"content":{"rendered":"<p style=\"text-align: justify;\"><a href=\"http:\/\/infois.ro\/wp-content\/uploads\/2015\/11\/aeroport-iasi.jpg\"><img loading=\"lazy\" decoding=\"async\" class=\"alignleft  wp-image-20610\" src=\"http:\/\/infois.ro\/wp-content\/uploads\/2015\/11\/aeroport-iasi.jpg\" alt=\"aeroport-iasi\" width=\"299\" height=\"199\" srcset=\"https:\/\/infois.ro\/wp-content\/uploads\/2015\/11\/aeroport-iasi.jpg 600w, https:\/\/infois.ro\/wp-content\/uploads\/2015\/11\/aeroport-iasi-300x199.jpg 300w\" sizes=\"(max-width: 299px) 100vw, 299px\" \/><\/a><\/p>\n<p style=\"text-align: justify;\">\u00cen prezen\u021ba pre\u0219edintelui Consiliului de Administra\u021bie (CA) al Aeroportului Interna\u021bional Ia\u0219i, Marius Bodea, precum \u0219i a reprezentan\u021bilor autorit\u0103\u021bilor locale, \u00een Sala Mare a Prefecturii a avut loc luni, 16 iunie, conferin\u021ba de \u00eenchidere a proiectului \u201dDezvoltarea \u0219i modernizarea Aeroportului Interna\u021bional Ia\u0219i \u2013 extras din SF, \u00een vederea execut\u0103rii par\u021biale a obiectivului Modernizare Modul I \u2013 etapa intermediar\u0103 \u2013 Pist\u0103 2.400 metri \u2013 extindere suplimentar\u0103 platform\u0103 parcare aeronave \u0219i terminal pasageri\u201d. Valoarea total\u0103 a proiectului este de 255.331.849 lei, respectiv 56.744.990 euro, din care valoarea total\u0103 eligibil\u0103 este de 204.794.605 lei (45.515.402 euro), iar contribu\u021bia FEDR, \u00een procent de 85%, este de 174.075.414 lei (38.688.091 euro). Obiectivele specifice ale proiectului au fost realizarea unei piste de decolare-aterizare de 2.400 de metri, pe un nou amplasament, cre\u0219terea num\u0103rului de locuri de sta\u021bionare pentru aeronave, de la patru locuri pentru aeronave de tip \u201dC\u201d, la \u0219apte locuri (\u0219ase aeronave cod \u201dC\u201d plus o aeronav\u0103 cod \u201dD\u201d), prin refacerea \u0219i extinderea platformeide \u00eembarcare-debarcare existente, modernizarea sistemului de balizaj luminos pentru asigurarea categoriei II de operare, corespunz\u0103tor normelor ICAO \u0219i RACR, pentru pista de decolare-aterizare, pentru c\u0103ile de rulare \u0219i pentru platforma de \u00eembarcare\/debarcare, cre\u0219terea capacit\u0103\u021bii terminalelor de pasageri de la 215 pasageri\/ora de v\u00e2rf la 450 pasageri\/ora de v\u00e2rf, prin construirea unui terminal nou de pasageri. \u201dAcest proiect a \u00eensemnat \u0219ansa comunit\u0103\u021bii noastre de a fi legat\u0103 de marile capitale culturale din Europa, precum \u0219i de alte mari centre economice europene, lucru care \u00eenseamn\u0103, printre altele, sus\u021binerea mediului local de afaceri, precum \u0219i re\u00eentregirea familiilor. R\u0103spunsul la realizarea acestei infrastructuri \u00eel reprezint\u0103 tocmai pluralismul curselor care opereaz\u0103 \u00een acest moment de pe Aeroportul Interna\u021bional Ia\u0219i. Dac\u0103, \u00eenaintea demar\u0103rii acestui proiect exista o singur\u0103 companie ce opera o curs\u0103 extern\u0103, respectiv Viena, iat\u0103 c\u0103 \u00een prezent exist\u0103 patru companii aeriene diferite, care opereaz\u0103 nu mai pu\u021bin de 14 destina\u021bii externe \u201d, a declarat Marius Bodea, pre\u0219edintele CA al Aeroportului Ia\u0219i. Referindu-se la perioada urm\u0103toare, acesta a anun\u021bat c\u0103 administra\u021bia aeroportuloui ie\u0219ean are \u00een vedere construirea unui terminal cargo. \u201dZona cargo de la Aeroportul Interna\u021bional Ia\u0219i este imperios necesar\u0103. Valoarea acestei investi\u021bii este \u00eens\u0103 una uria\u0219\u0103, care se ridic\u0103 la circa 25 \u2013 28 milioane de euro, sum\u0103 pe care nici Consiliul Jude\u021bean Ia\u0219i \u0219i nici Aeroportul Ia\u0219i nu are cum s\u0103 o sus\u021bin\u0103. De aceea, este nevoie ca aceast\u0103 investi\u021bie s\u0103 r\u0103m\u00e2n\u0103 inclus\u0103 \u00een Masterplanul de transport aerian al Rom\u00e2niei. Sper\u0103m ca \u00een\u021belepciunea strategic\u0103 a celor care au \u00eentocmit acest document de transport s\u0103 cuprind\u0103 \u0219i nevoia de transport aerian de m\u0103rfuri din zona Moldovei\u201d, a precizat Marius Bodea. \u00cen prezent, \u00een urma implement\u0103rii proiectului de modernizare a pistei, Aeroportul Interna\u021bional Ia\u0219i poate asigura un flux de p\u00e2n\u0103 la dou\u0103 milioane de pasageri pe an. \u201dAcest lucru presupune s\u0103 putem distribui \u00een mod corect, pe parcursul unei zile, at\u00e2t decol\u0103rile,\u00a0 c\u00e2t \u0219i ateriz\u0103rile. Este nevoie, \u00eens\u0103, de noi ajust\u0103ri ale infrastructurii, care s\u0103 se materializeze prin construirea unei noi c\u0103i de rulare a aeronavelor, care s\u0103 conduc\u0103, \u00een final, la deblocarea decol\u0103rilor \u0219i ateriz\u0103rilor\u201d, a mai spus pre\u0219edintele Consiliului de Administra\u021biei al Aeroportului Interna\u021bional Ia\u0219i.<\/p>\n","protected":false},"excerpt":{"rendered":"<p>\u00cen prezen\u021ba pre\u0219edintelui Consiliului de Administra\u021bie (CA) al Aeroportului Interna\u021bional Ia\u0219i, Marius Bodea, precum \u0219i&#8230; <a class=\"meta-more\" href=\"https:\/\/infois.ro\/?p=20609\">more <span class=\"meta-nav\">&raquo;<\/span><\/a><\/p>\n","protected":false},"author":2,"featured_media":20610,"comment_status":"open","ping_status":"closed","sticky":false,"template":"","format":"standard","meta":{"footnotes":""},"categories":[6,41],"tags":[74,465,40,3112,7738],"aioseo_notices":[],"_links":{"self":[{"href":"https:\/\/infois.ro\/index.php?rest_route=\/wp\/v2\/posts\/20609"}],"collection":[{"href":"https:\/\/infois.ro\/index.php?rest_route=\/wp\/v2\/posts"}],"about":[{"href":"https:\/\/infois.ro\/index.php?rest_route=\/wp\/v2\/types\/post"}],"author":[{"embeddable":true,"href":"https:\/\/infois.ro\/index.php?rest_route=\/wp\/v2\/users\/2"}],"replies":[{"embeddable":true,"href":"https:\/\/infois.ro\/index.php?rest_route=%2Fwp%2Fv2%2Fcomments&post=20609"}],"version-history":[{"count":1,"href":"https:\/\/infois.ro\/index.php?rest_route=\/wp\/v2\/posts\/20609\/revisions"}],"predecessor-version":[{"id":20611,"href":"https:\/\/infois.ro\/index.php?rest_route=\/wp\/v2\/posts\/20609\/revisions\/20611"}],"wp:featuredmedia":[{"embeddable":true,"href":"https:\/\/infois.ro\/index.php?rest_route=\/wp\/v2\/media\/20610"}],"wp:attachment":[{"href":"https:\/\/infois.ro\/index.php?rest_route=%2Fwp%2Fv2%2Fmedia&parent=20609"}],"wp:term":[{"taxonomy":"category","embeddable":true,"href":"https:\/\/infois.ro\/index.php?rest_route=%2Fwp%2Fv2%2Fcategories&post=20609"},{"taxonomy":"post_tag","embeddable":true,"href":"https:\/\/infois.ro\/index.php?rest_route=%2Fwp%2Fv2%2Ftags&post=20609"}],"curies":[{"name":"wp","href":"https:\/\/api.w.org\/{rel}","templated":true}]}}