{"id":20665,"date":"2015-11-19T18:14:30","date_gmt":"2015-11-19T16:14:30","guid":{"rendered":"http:\/\/infois.ro\/?p=20665"},"modified":"2015-11-19T18:14:30","modified_gmt":"2015-11-19T16:14:30","slug":"40-de-studenti-ieseni-au-beneficiat-de-stagii-de-practica-in-italia","status":"publish","type":"post","link":"https:\/\/infois.ro\/?p=20665","title":{"rendered":"40 de studen\u021bi ie\u0219eni au beneficiat de stagii de practic\u0103 \u00een Italia"},"content":{"rendered":"<p style=\"text-align: justify;\"><a href=\"http:\/\/infois.ro\/wp-content\/uploads\/2015\/11\/studenti.jpg\"><img loading=\"lazy\" decoding=\"async\" class=\"alignleft  wp-image-20666\" src=\"http:\/\/infois.ro\/wp-content\/uploads\/2015\/11\/studenti.jpg\" alt=\"studenti\" width=\"359\" height=\"235\" srcset=\"https:\/\/infois.ro\/wp-content\/uploads\/2015\/11\/studenti.jpg 600w, https:\/\/infois.ro\/wp-content\/uploads\/2015\/11\/studenti-300x196.jpg 300w\" sizes=\"(max-width: 359px) 100vw, 359px\" \/><\/a><\/p>\n<p style=\"text-align: justify;\">Dou\u0103 grupuri a c\u00e2te 20 de studen\u021bi fiecare au beneficiat de stagii de practic\u0103 de specialitate, \u00een perioada octombrie \u2013 noiembrie 2015, \u00een cadrul proiectului \u201cFORM ACT \u2013 Program de formare activ\u0103 a studen\u021bilor \u0219i masteranzilor \u00een domeniile \u0219tiin\u021bele socio-umane, juridice \u0219i economice din regiunea Nord-Est\u201d. \u00a0Dou\u0103 serii de cursan\u021bi, care au cuprins studen\u021bi cu diverse specializ\u0103ri (psihologie, asisten\u021b\u0103 social\u0103, \u0219tiin\u021be politice, drept \u0219i economie) au realizat, \u00een perioada 22-31 octombrie, respectiv intre 5 \u0219i 14 noiembrie 2015, c\u00e2te o vizit\u0103 de studiu \u00een Italia. Demersul a fost sus\u021binut de\u00a0 Partenerul Transna\u021bional INFOR ELEA din Torino. Timp de nou\u0103 zile, pentru fiecare grup \u00een parte, beneficiarii au participat la ac\u021biuni de consiliere \u0219i orientare \u00een carier\u0103 sus\u021binute de c\u0103tre exper\u021bii partenerului transna\u021bional \u0219i au vizitat universit\u0103\u021bi \u0219i institu\u021bii de profil. Seria sesiunilor de consiliere, pentru ambele grupe, a fost deschis\u0103 de c\u0103tre Carlo Colomba, pre\u0219edintele INFOR ELEA, care le-a prezentat studen\u021bilor\u00a0 rapoarte ale organiza\u021biilor interna\u021bionale cu privire la nivelul de angajare a absolven\u021bilor \u0219i gradul de inser\u021bie al acestora pe pia\u021ba muncii. \u201dA fost o prezentare cu aspecte mai mult practice, \u00een cadrul c\u0103reia am \u00eencercat s\u0103 punem accent pe modul de realizare a unui CV, aspectele esen\u021biale pe care le caut\u0103 un angajator atunci c\u00e2nd evalueaz\u0103 un CV, importan\u021ba imaginii unui adolescent \u00een mediul online, pe re\u021bele de socializare \u0219i platformele de recrutare. Le-am povestit experien\u021be relevante cu proprii candida\u021bi pentru posturile pe care doream s\u0103 le ocup\u0103m \u00een cadrul INFOR ELEA\u201d, a declarat Carlo Colomba. \u00a0Au urmat consilieri de grup sus\u021binute de c\u0103tre consilierul \u00een domeniul orient\u0103rii profesionale, Carra Elena, care le-a prezentat beneficiarilor, din ambele serii, filme motiva\u021bionale, le-a descris \u0219i au pus \u00een practic\u0103 modul de realizare a unui CV \u0219i a unei scrisori de inten\u021bie care s\u0103 asigure \u0219anse sporite \u00een g\u0103sirea unui loc de munc\u0103. Pe parcursul stagiilor de practic\u0103, cei 40 de studen\u021bi au vizitat universit\u0103\u021bi, institu\u021bii de specialitate \u00een domeniile \u0219tiin\u021belor socio-umane, economice sau juridice. \u00a0O prim\u0103 vizit\u0103 a avut loc la Gruppo Abele, o asocia\u021bie din Torino, fondat\u0103 \u00een 1965, al c\u0103rei domeniu de activitate este reprezentat de ac\u021biunile sociale \u0219i reintegrarea social\u0103 a tinerilor str\u0103ini \u00een comunitatea local\u0103. \u201dAu fost prezentate proiectele institu\u021biei, modul de lucru, iar beneficiarii au fost interesan\u021bi de modalitatea \u00een care un t\u00e2n\u0103r din Rom\u00e2nia, student la specializ\u0103rile asisten\u021b\u0103 social\u0103 sau psihologie, ar putea activa \u00een cadrul asocia\u021biei. Studen\u021bii au vizitat \u0219i Scuola di Administrazione Aziendale \u00een cadrul careia au fost prezentate parteneriate pe care le-au realizat pentru inser\u021bia absolven\u021bilor pe pia\u021ba muncii, c\u00e2t \u0219i Universita del Gusto di Pollenzo, unic\u0103 la nivelul Europei. De asemenea, tinerii au vizitat \u0219i cel de-al treilea cotidian ca importan\u021b\u0103 din Italia, respectiv ziarul La Stampa. Au urmat vizite la institu\u021bii economice, precum Eataly, principalul furnizor de produse alimentare autohtone din nordul Italiei\u201d, a declarat Ancu\u021ba Daniela Tompea, managerul proiectului. Fiecare grup a fost \u00eenso\u021bit de c\u0103tre trei exper\u021bi, pentru fiecare stagiu, din partea beneficiarului \u2013 Centrul de Dezvoltare Social\u0103 T&amp;CO \u0219i a Partenerului 2 \u2013Development Training Consulting. \u00a0Stagiile de practic\u0103 pentru cei 40 de studen\u021bi au fost organizate \u00een cadrul proiectului \u201cFORM ACT \u2013 Program de formare activ\u0103 a studen\u021bilor \u0219i masteranzilor \u00een domeniile \u0219tiin\u021bele socio-umane, juridice \u0219i economice din regiunea Nord-Est\u201d, cofinan\u021bat din Fondul Social European, prin Programul Opera\u021bional Sectorial Dezvoltarea Resurselor Umane 2007-2013 \u0219i implementat de Centrul de Dezvoltare Social\u0103 T&amp;CO din Ia\u0219i, \u00een calitate de beneficiar, \u00een parteneriat cu INFOR ELEA Italia \u015fi Development Training Consulting SRL. Obiectivul general al proiectului vizeaz\u0103 cre\u0219terea relevan\u021bei educa\u021biei universitare pentru pia\u021ba muncii \u0219i eficientizarea stagiilor de practic\u0103 pentru un num\u0103r de 150 de studen\u021bi \u0219i masteranzi din cadrul facult\u0103tilor cu profil socio-uman, juridic \u0219i economic din regiunea Nord-Est, \u00een vederea integr\u0103rii cu succes pe pia\u021ba muncii a acestora. \u00a0Proiectul este implementat \u00een perioada 1 iulie \u2013 30 noiembrie 2015 \u0219i este cofinan\u021bat prin Fondul Social European, prin programul Opera\u021bional Sectorial Dezvoltarea Resurselor Umane 2007-2013.<\/p>\n","protected":false},"excerpt":{"rendered":"<p>Dou\u0103 grupuri a c\u00e2te 20 de studen\u021bi fiecare au beneficiat de stagii de practic\u0103 de&#8230; <a class=\"meta-more\" href=\"https:\/\/infois.ro\/?p=20665\">more <span class=\"meta-nav\">&raquo;<\/span><\/a><\/p>\n","protected":false},"author":2,"featured_media":20666,"comment_status":"open","ping_status":"closed","sticky":false,"template":"","format":"standard","meta":{"footnotes":""},"categories":[12],"tags":[7747,395,40,3112,7746,7431],"aioseo_notices":[],"_links":{"self":[{"href":"https:\/\/infois.ro\/index.php?rest_route=\/wp\/v2\/posts\/20665"}],"collection":[{"href":"https:\/\/infois.ro\/index.php?rest_route=\/wp\/v2\/posts"}],"about":[{"href":"https:\/\/infois.ro\/index.php?rest_route=\/wp\/v2\/types\/post"}],"author":[{"embeddable":true,"href":"https:\/\/infois.ro\/index.php?rest_route=\/wp\/v2\/users\/2"}],"replies":[{"embeddable":true,"href":"https:\/\/infois.ro\/index.php?rest_route=%2Fwp%2Fv2%2Fcomments&post=20665"}],"version-history":[{"count":1,"href":"https:\/\/infois.ro\/index.php?rest_route=\/wp\/v2\/posts\/20665\/revisions"}],"predecessor-version":[{"id":20667,"href":"https:\/\/infois.ro\/index.php?rest_route=\/wp\/v2\/posts\/20665\/revisions\/20667"}],"wp:featuredmedia":[{"embeddable":true,"href":"https:\/\/infois.ro\/index.php?rest_route=\/wp\/v2\/media\/20666"}],"wp:attachment":[{"href":"https:\/\/infois.ro\/index.php?rest_route=%2Fwp%2Fv2%2Fmedia&parent=20665"}],"wp:term":[{"taxonomy":"category","embeddable":true,"href":"https:\/\/infois.ro\/index.php?rest_route=%2Fwp%2Fv2%2Fcategories&post=20665"},{"taxonomy":"post_tag","embeddable":true,"href":"https:\/\/infois.ro\/index.php?rest_route=%2Fwp%2Fv2%2Ftags&post=20665"}],"curies":[{"name":"wp","href":"https:\/\/api.w.org\/{rel}","templated":true}]}}