{"id":20668,"date":"2015-11-21T13:21:33","date_gmt":"2015-11-21T11:21:33","guid":{"rendered":"http:\/\/infois.ro\/?p=20668"},"modified":"2015-11-21T13:21:52","modified_gmt":"2015-11-21T11:21:52","slug":"proiect-privind-consilierea-pentru-cariera-profesionala-a-studentilor-de-la-facultatile-de-medicina-si-medicina-dentara","status":"publish","type":"post","link":"https:\/\/infois.ro\/?p=20668","title":{"rendered":"Proiect privind consilierea pentru cariera profesional\u0103 a studen\u021bilor de la facult\u0103\u021bile de medicin\u0103 \u0219i medicin\u0103 dentar\u0103"},"content":{"rendered":"<p style=\"text-align: justify;\"><a href=\"http:\/\/infois.ro\/wp-content\/uploads\/2015\/11\/med-career.jpg\"><img loading=\"lazy\" decoding=\"async\" class=\"alignleft  wp-image-20669\" src=\"http:\/\/infois.ro\/wp-content\/uploads\/2015\/11\/med-career.jpg\" alt=\"med career\" width=\"296\" height=\"197\" srcset=\"https:\/\/infois.ro\/wp-content\/uploads\/2015\/11\/med-career.jpg 640w, https:\/\/infois.ro\/wp-content\/uploads\/2015\/11\/med-career-300x199.jpg 300w\" sizes=\"(max-width: 296px) 100vw, 296px\" \/><\/a><\/p>\n<p style=\"text-align: justify;\">\u00cen premier\u0103 na\u021bional\u0103, la Ia\u0219i se desf\u0103\u0219oar\u0103 la sf\u00e2r\u0219itul acestei s\u0103pt\u0103m\u00e2ni o serie de workshopuri simultane live \u00een domeniul medicinei \u015fi medicinei dentare. Ac\u0163iunea, care are loc \u00een Sala Magnum EST a Hotelului \u201dInterna\u0163ional\u201d, face parte dintr-o serie de evenimente incluse \u00een cadrul manifest\u0103rilor privind finalizarea unui proiect cu finan\u0163are european\u0103, destinat studen\u0163ilor de la medicin\u0103. \u00cen cadrula cestui proiect, un num\u0103r d epreste 5.000 de studen\u0163i la medicin\u0103 \u015fi medicin\u0103 dentar\u0103 din \u00eentreaga \u021bar\u0103 au primit sprijin \u00een alegerea viitoarelor cariere profesionale \u015fi \u015fi-au format abilit\u0103\u0163i practice pe echipamente de v\u00e2rf. \u00a0Cele zece workshop-uri simultane live, desf\u0103\u0219urate la Ia\u0219i, redau interac\u0163iunea direct\u0103 dintre expert \u2013 tutore \u2013 student, a\u015fa cum se deruleaz\u0103 ele \u00een cadrul activit\u0103\u021bilor proiectului MedCareer. Proiectul \u201cConsiliere profesional\u0103 pentru studen\u021bii \u00een medicin\u0103 \u0219i program integrat de practic\u0103 \u00een domeniul medicinei generale \u0219i dentare\u201d are drept aplicant Universitatea de Medicin\u0103 \u0219i Farmacie \u201dGrigore T. Popa\u201c din Ia\u0219i, \u00een parteneriat cu UMF \u201dIuliu Ha\u0163ieganu\u201c din Cluj Napoca, Universitatea \u201dOvidius\u201d din Constan\u021ba, Asocia\u0163ia pentru Responsabilitate Social\u0103, Ia\u015fi, Societatea Rom\u00e2n\u0103 de Ergonomie Dentar\u0103 Bucure\u015fti, Universitatea din Szeged (Ungaria) \u0219i S.C. BSmartest Press Group SRL Ia\u015fi. \u00cen paralel cu derularea simultan\u0103 a celor zece workshop-uri, la Ia\u0219i se desf\u0103\u0219\u021boar\u0103 \u00een aceste ziole \u0219i conferin\u0163a cu tema \u201cComunicarea \u020bn sfera interdisciplinarit\u0103\u0163ii \u015fi abordarea interdisciplinar\u0103 a pacientului dizabilitat. Managementul abord\u0103rii pacientului cu dizabilit\u0103\u0163i\u201d, sus\u021binut\u0103 de\u00a0 exper\u021bi din cadrul Universit\u0103\u021bii din Szeged. Aceasta include \u0219i prezentarea Ghidului \u00een vederea abord\u0103rii multidimensionale a dizabilit\u0103\u021bii, destinat studen\u021bilor facult\u0103\u021bilor de medicin\u0103, document redactat sub coordonarea prof. univ. dr. Norina Consuela Forna, decanul Facult\u0103\u021bii de Medin\u0103 Dentar\u0103 din cadrul UMF Ia\u0219i, managerul proiectului. \u201dDerularea acestui proiect a fost o experien\u0163\u0103 pl\u0103cut\u0103 pentru to\u0163i cei implica\u0163i &#8211; profesori, exper\u0163i, consilieri, dar mai ales pentru studen\u0163i. Prin activit\u0103\u0163ile proiectului, tinerii consilia\u0163i au descoperit nu doar diversitatea domeniilor \u015fi specialit\u0103\u0163ilor medicale, ci \u015fi talentele, abilit\u0103\u0163ile isau aptitudinile lor, despre care, \u00eenainte de aceast\u0103 experien\u0163\u0103, nu aveau cuno\u015ftin\u0163\u0103\u201d, a declarat prof. univ. dr. Norina Consuela Forna, vineri, 20 noiembrie, \u00eentr-o conferin\u021b\u0103 de pres\u0103. Obiectivul general al proiectului const\u0103 \u00een dezvoltarea \u0219i furnizarea serviciilor de consiliere \u00een carier\u0103 \u015fi \u00eembun\u0103t\u0103\u021birea competen\u021belor \u00een domeniul medicinei pentru 5.050 de studen\u0163i la medicin\u0103 general\u0103 \u0219i medicin\u0103 dentar\u0103, \u00een scopul cre\u015fterii \u015fanselor de integrare pe pia\u021ba muncii din Rom\u00e2nia. Scopul principal al acestui proiect, \u00een valoare total\u0103 de \u00a016.307.986 lei, \u00eel reprezint\u0103 activitatea de consiliere a studen\u021bilor din centre universitare (Ia\u0219i, Constan\u021ba, Cluj, Bucure\u0219ti \u0219i Bra\u0219ov), prin participarea acestora la sesiuni, dezbateri, \u00eent\u00e2lniri de lucru \u0219i stagii practice aferente domeniilor de interes pentru Medicin\u0103 \u0219i pentru Medicina Dentar\u0103.<\/p>\n","protected":false},"excerpt":{"rendered":"<p>\u00cen premier\u0103 na\u021bional\u0103, la Ia\u0219i se desf\u0103\u0219oar\u0103 la sf\u00e2r\u0219itul acestei s\u0103pt\u0103m\u00e2ni o serie de workshopuri&#8230; <a class=\"meta-more\" href=\"https:\/\/infois.ro\/?p=20668\">more <span class=\"meta-nav\">&raquo;<\/span><\/a><\/p>\n","protected":false},"author":2,"featured_media":20669,"comment_status":"open","ping_status":"closed","sticky":false,"template":"","format":"standard","meta":{"footnotes":""},"categories":[12,41],"tags":[74,4718,40,1052,3112],"aioseo_notices":[],"_links":{"self":[{"href":"https:\/\/infois.ro\/index.php?rest_route=\/wp\/v2\/posts\/20668"}],"collection":[{"href":"https:\/\/infois.ro\/index.php?rest_route=\/wp\/v2\/posts"}],"about":[{"href":"https:\/\/infois.ro\/index.php?rest_route=\/wp\/v2\/types\/post"}],"author":[{"embeddable":true,"href":"https:\/\/infois.ro\/index.php?rest_route=\/wp\/v2\/users\/2"}],"replies":[{"embeddable":true,"href":"https:\/\/infois.ro\/index.php?rest_route=%2Fwp%2Fv2%2Fcomments&post=20668"}],"version-history":[{"count":1,"href":"https:\/\/infois.ro\/index.php?rest_route=\/wp\/v2\/posts\/20668\/revisions"}],"predecessor-version":[{"id":20670,"href":"https:\/\/infois.ro\/index.php?rest_route=\/wp\/v2\/posts\/20668\/revisions\/20670"}],"wp:featuredmedia":[{"embeddable":true,"href":"https:\/\/infois.ro\/index.php?rest_route=\/wp\/v2\/media\/20669"}],"wp:attachment":[{"href":"https:\/\/infois.ro\/index.php?rest_route=%2Fwp%2Fv2%2Fmedia&parent=20668"}],"wp:term":[{"taxonomy":"category","embeddable":true,"href":"https:\/\/infois.ro\/index.php?rest_route=%2Fwp%2Fv2%2Fcategories&post=20668"},{"taxonomy":"post_tag","embeddable":true,"href":"https:\/\/infois.ro\/index.php?rest_route=%2Fwp%2Fv2%2Ftags&post=20668"}],"curies":[{"name":"wp","href":"https:\/\/api.w.org\/{rel}","templated":true}]}}