{"id":2073,"date":"2012-10-05T12:46:38","date_gmt":"2012-10-05T09:46:38","guid":{"rendered":"http:\/\/infois.ro\/?p=2073"},"modified":"2012-10-05T12:46:38","modified_gmt":"2012-10-05T09:46:38","slug":"presedintele-cj-iasi-cristian-adomnitei-anunta-reluarea-organizarii-balului-palatului-culturii","status":"publish","type":"post","link":"https:\/\/infois.ro\/?p=2073","title":{"rendered":"Pre\u0219edintele CJ Ia\u0219i, Cristian Adomni\u021bei, anun\u021b\u0103 reluarea organiz\u0103rii \u201dBalului Palatului Culturii\u201d"},"content":{"rendered":"<p style=\"text-align: justify;\"><a class=\"highslide\" onclick=\"return vz.expand(this)\" href=\"http:\/\/infois.ro\/wp-content\/uploads\/2012\/10\/bal-la-palat.jpg\"><img loading=\"lazy\" decoding=\"async\" class=\"alignleft size-large wp-image-2074\" title=\"bal la palat\" src=\"http:\/\/infois.ro\/wp-content\/uploads\/cache\/2012\/10\/bal-la-palat\/3655753455.jpg\" alt=\"\" width=\"667\" height=\"500\" \/><\/a>\u00cencep\u00e2nd din 2014, la Ia\u0219i va fi re\u00eennodat\u0103 tradi\u021bia organiz\u0103rii anuale a \u201dBalului Palatului Culturii\u201d, manifestare desf\u0103\u0219urat\u0103, \u00een premier\u0103, \u00een anul 2005, la ini\u021biativa deputatului Relu Fenechiu. Pre\u015fedintele Consiliului Jude\u0163ean (CJ) Ia\u0219i, Cristian Adomni\u021bei, a anun\u021bat, \u00een cadrul unei conferin\u021be de pres\u0103, care a avut loc joi, 4 octombrie, c\u0103 reluarea organiz\u0103rii \u0219i desf\u0103\u0219ur\u0103rii \u201dBalului Palatului Culturii\u201d va avea loc dup\u0103 finalizarea lucr\u0103rilor de consolidare \u0219i reabilitare a monumentului simbol al Ia\u0219ilor. Potrivit lui Adomni\u021bei, evenimentul va fi organizat sub \u00eenaltul patronaj al Familiei Regale. Ideea relu\u0103rii acestei manifest\u0103ri a venit \u00een urma \u00eent\u00e2lnirii pe care pre\u0219edintele CJ Ia\u0219i le-a avut, la \u00eenceputul acestei s\u0103pt\u0103m\u00e2ni, cu Alte\u0163a Sa Regal\u0103 Principele Radu al Rom\u00e2niei.\u201eAm avut o \u00eentrevedere privat\u0103 cu Alte\u0163a Sa Regal\u0103 Principele Radu al Rom\u00e2niei \u015fi, cu aceast\u0103 ocazie, am discutat c\u00e2teva oportunit\u0103\u0163i prin care o serie de evenimente publice locale s\u0103 beneficieze de \u00eenaltul patronal al Familiei Regale a Rom\u00e2niei. Am f\u0103cut o propunere concret\u0103 ca s\u0103 relu\u0103m organizarea la Ia\u015fi, a \u00abBalului Palatului\u00bb, eveniment ce ar urma s\u0103 fie organizat de Consiliul Jude\u0163ean Ia\u015fi, cu participarea \u015fi sub \u00eenaltul patronaj al Familiei Regale. Manifestarea ar deveni \u00een c\u00e2\u0163iva ani o s\u0103rb\u0103toare consacrat\u0103 a Ia\u015fului. Alte\u0163a Sa a acceptat cu bucurie aceast\u0103 propunere\u201d,<strong><em>\u00a0 <\/em><\/strong>a declarat pre\u0219edintele CJ Ia\u0219i. Palatul Culturii din Ia\u0219i a fost inaugurat de Regele Ferdinand \u015fi Regina Maria \u00een anul 1925 ca Palat de Justi\u0163ie, \u00eens\u0103 propunerea construirii Palatului a fost aprobat\u0103 de Regele Carol I la \u00eenceputul secolului al XX-lea.<\/p>\n<p style=\"text-align: justify;\">\n","protected":false},"excerpt":{"rendered":"<p>\u00cencep\u00e2nd din 2014, la Ia\u0219i va fi re\u00eennodat\u0103 tradi\u021bia organiz\u0103rii anuale a \u201dBalului Palatului Culturii\u201d,&#8230; <a class=\"meta-more\" href=\"https:\/\/infois.ro\/?p=2073\">more <span class=\"meta-nav\">&raquo;<\/span><\/a><\/p>\n","protected":false},"author":2,"featured_media":2074,"comment_status":"open","ping_status":"open","sticky":false,"template":"","format":"standard","meta":{"footnotes":""},"categories":[1,41],"tags":[74,917,40],"aioseo_notices":[],"_links":{"self":[{"href":"https:\/\/infois.ro\/index.php?rest_route=\/wp\/v2\/posts\/2073"}],"collection":[{"href":"https:\/\/infois.ro\/index.php?rest_route=\/wp\/v2\/posts"}],"about":[{"href":"https:\/\/infois.ro\/index.php?rest_route=\/wp\/v2\/types\/post"}],"author":[{"embeddable":true,"href":"https:\/\/infois.ro\/index.php?rest_route=\/wp\/v2\/users\/2"}],"replies":[{"embeddable":true,"href":"https:\/\/infois.ro\/index.php?rest_route=%2Fwp%2Fv2%2Fcomments&post=2073"}],"version-history":[{"count":1,"href":"https:\/\/infois.ro\/index.php?rest_route=\/wp\/v2\/posts\/2073\/revisions"}],"predecessor-version":[{"id":2075,"href":"https:\/\/infois.ro\/index.php?rest_route=\/wp\/v2\/posts\/2073\/revisions\/2075"}],"wp:featuredmedia":[{"embeddable":true,"href":"https:\/\/infois.ro\/index.php?rest_route=\/wp\/v2\/media\/2074"}],"wp:attachment":[{"href":"https:\/\/infois.ro\/index.php?rest_route=%2Fwp%2Fv2%2Fmedia&parent=2073"}],"wp:term":[{"taxonomy":"category","embeddable":true,"href":"https:\/\/infois.ro\/index.php?rest_route=%2Fwp%2Fv2%2Fcategories&post=2073"},{"taxonomy":"post_tag","embeddable":true,"href":"https:\/\/infois.ro\/index.php?rest_route=%2Fwp%2Fv2%2Ftags&post=2073"}],"curies":[{"name":"wp","href":"https:\/\/api.w.org\/{rel}","templated":true}]}}