{"id":20825,"date":"2015-12-01T17:25:19","date_gmt":"2015-12-01T15:25:19","guid":{"rendered":"http:\/\/infois.ro\/?p=20825"},"modified":"2015-12-01T17:25:19","modified_gmt":"2015-12-01T15:25:19","slug":"vino-joi-3-decembrie-sa-aprindem-luminile-de-craciun-din-ansamblul-palas-iasi","status":"publish","type":"post","link":"https:\/\/infois.ro\/?p=20825","title":{"rendered":"Vino joi, 3 decembrie, s\u0103 aprindem luminile de Cr\u0103ciun din Ansamblul Palas Ia\u0219i!"},"content":{"rendered":"<p class=\"yiv9791270929MsoNormal\" style=\"text-align: justify;\"><a href=\"http:\/\/infois.ro\/wp-content\/uploads\/2015\/12\/palas2.jpg\"><br \/>\n<img loading=\"lazy\" decoding=\"async\" class=\"alignleft  wp-image-20827\" src=\"http:\/\/infois.ro\/wp-content\/uploads\/2015\/12\/palas2.jpg\" alt=\"palas2\" width=\"379\" height=\"149\" srcset=\"https:\/\/infois.ro\/wp-content\/uploads\/2015\/12\/palas2.jpg 600w, https:\/\/infois.ro\/wp-content\/uploads\/2015\/12\/palas2-300x118.jpg 300w\" sizes=\"(max-width: 379px) 100vw, 379px\" \/><\/a><\/p>\n<p id=\"yui_3_16_0_1_1448981819163_7246\" class=\"yiv9791270929MsoNormal\" style=\"text-align: justify;\"><b id=\"yui_3_16_0_1_1448981819163_7245\"><i id=\"yui_3_16_0_1_1448981819163_7244\"><span id=\"yui_3_16_0_1_1448981819163_7243\" lang=\"RO\">Concert al Filarmonicii Moldova Ia\u015fi * Sute de mii de lumini\u0163e \u00een parc \u015fi \u00een mall * Decora\u0163iuni impresionante * Brad cu personaje animate, \u00een Atrium * Plimb\u0103ri pentru copii cu trenule\u0163ul Mo\u015fului.<\/span><\/i><\/b><\/p>\n<p id=\"yui_3_16_0_1_1448981819163_7247\" class=\"yiv9791270929MsoNormal\" style=\"text-align: justify;\"><b id=\"yui_3_16_0_1_1448981819163_7249\"><span id=\"yui_3_16_0_1_1448981819163_7248\" lang=\"RO\">Joi, 3 decembrie 2015, la ora 18.30, ie\u015fenii \u015fi nu numai sunt invita\u0163i \u00een Atriumul Palas Mall, la aprinderea luminilor din Cr\u0103ciunia.<\/span><\/b><span id=\"yui_3_16_0_1_1448981819163_7251\" lang=\"RO\">Publicul va avea ocazia s\u0103 admire decora\u0163iunile de poveste care \u00eempodobesc de s\u0103rb\u0103tori \u00eentregul ansamblu, dar \u015fi s\u0103 asiste la un <b>concert special de Cr\u0103ciun<\/b>, <b id=\"yui_3_16_0_1_1448981819163_7252\">sus\u0163inut de Orchestra Simfonic\u0103 \u015fi Corul Academic Gavriil Musicescu, din cadrul Filarmonicii Moldova Ia\u015fi<\/b>.<\/span><\/p>\n<p id=\"yui_3_16_0_1_1448981819163_7253\" class=\"yiv9791270929MsoNormal\">Toat\u0103 luna decembrie, cei care vor veni la Palas vor avea parte de un <b>cadru feeric<\/b>. Decorul spectaculos va surprinde \u00eenc\u0103 de la <b>intrarea principal\u0103 \u00een Palas Mall<\/b>, acolo unde va trona o <b>patinatoare artistic\u0103<\/b>, <b>de m\u0103rimi impresionante<\/b>. Ca \u015fi \u00een ceilal\u0163i ani, \u00eent\u00e2lnirile princhindeilor cu Mo\u015f Cr\u0103ciun vor avea loc la <b>bradul impozant din Atrium<\/b>, <b>\u00eenalt de 15 metri<\/b> \u015fi <b>\u00eempodobit cu personaje de poveste<\/b>, care vor prinde via\u0163\u0103.<a href=\"http:\/\/infois.ro\/wp-content\/uploads\/2015\/12\/palas1.jpg\"><img loading=\"lazy\" decoding=\"async\" class=\" wp-image-20826 alignright\" src=\"http:\/\/infois.ro\/wp-content\/uploads\/2015\/12\/palas1.jpg\" alt=\"palas1\" width=\"323\" height=\"215\" srcset=\"https:\/\/infois.ro\/wp-content\/uploads\/2015\/12\/palas1.jpg 600w, https:\/\/infois.ro\/wp-content\/uploads\/2015\/12\/palas1-300x200.jpg 300w\" sizes=\"(max-width: 323px) 100vw, 323px\" \/><\/a><\/p>\n<p class=\"yiv9791270929MsoNormal\" style=\"text-align: justify;\"><span id=\"yui_3_16_0_1_1448981819163_7315\" lang=\"RO\">Tot <b>\u00een mall<\/b>, copiii vor g\u0103si <b>diverse scenete<\/b>, precum <b id=\"yui_3_16_0_1_1448981819163_7314\">un brad imens realizat din cutii de cadouri frumos ambalate<\/b>, <b>sold\u0103\u0163ei de plumb<\/b> \u015fi<b>baloane de aer \u00een culorile Cr\u0103ciunului<\/b>. \u00cen plus, clien\u0163ii vor putea admira \u015fi o <b>scenet\u0103 haioas\u0103<\/b>, reprezent\u00e2ndu-i pe <b>Mo\u015f Cr\u0103ciun \u015fi Cr\u0103ciuni\u0163a<\/b>, cu o <b>\u00een\u0103l\u0163ime de 7 metri<\/b>, <b>\u00eenconjura\u0163i de zeci de daruri<\/b>. <b id=\"yui_3_16_0_1_1448981819163_7317\">\u00cen food court<\/b>, decora\u0163iunile tematice vor fi sub form\u0103 <\/span><span lang=\"RO\">de <b>cupcakes \u015fi acadele<\/b>.<\/span><\/p>\n<p id=\"yui_3_16_0_1_1448981819163_7318\" class=\"yiv9791270929MsoNormal\" style=\"text-align: justify;\"><b><span lang=\"RO\"><a href=\"http:\/\/infois.ro\/wp-content\/uploads\/2015\/12\/palas3.jpg\"><img loading=\"lazy\" decoding=\"async\" class=\"alignleft  wp-image-20828\" src=\"http:\/\/infois.ro\/wp-content\/uploads\/2015\/12\/palas3.jpg\" alt=\"palas3\" width=\"197\" height=\"350\" srcset=\"https:\/\/infois.ro\/wp-content\/uploads\/2015\/12\/palas3.jpg 600w, https:\/\/infois.ro\/wp-content\/uploads\/2015\/12\/palas3-576x1024.jpg 576w\" sizes=\"(max-width: 197px) 100vw, 197px\" \/><\/a>Sute de mii de becule\u0163e de Cr\u0103ciun<\/span><\/b><span id=\"yui_3_16_0_1_1448981819163_7320\" lang=\"RO\">, sub form\u0103 de <b id=\"yui_3_16_0_1_1448981819163_7319\">perdele cu efecte de sclipire<\/b>, <b>instala\u0163ii de tip \u0163ur\u0163uri<\/b> \u015fi <b>plase de lumini<\/b>, <b>vor str\u0103luci \u00een \u00eentregul ansamblu Palas<\/b>. Plimb\u0103rile \u00een aer liber vor fi deosebit de pl\u0103cute datorit\u0103 <b>arcadelor luminoase de pe aleile principale<\/b>, dar \u015fi<b>zecilor de arbu\u015fti \u015fi st\u00e2lpilor \u00eembr\u0103ca\u0163i \u00een becule\u0163e<\/b>.<\/span> <span lang=\"RO\">Tot \u00een parc, clien\u0163ii vor admira <b>o cutie cadou 3D de dimensiuni impresionante<\/b>.<\/span><\/p>\n<p id=\"yui_3_16_0_1_1448981819163_7323\" class=\"yiv9791270929MsoNormal\" style=\"text-align: justify;\">\u015ei <b>cl\u0103dirile de birouri sunt decorate de s\u0103rb\u0103toare<\/b>, cu <b id=\"yui_3_16_0_1_1448981819163_7324\">arcade sclipitoare la intr\u0103ri<\/b>, iar din <b id=\"yui_3_16_0_1_1448981819163_7335\">recep\u0163ii nu lipsesc brazii \u00eempodobi\u0163i<\/b>.<\/p>\n<p id=\"yui_3_16_0_1_1448981819163_7322\" class=\"yiv9791270929MsoNormal\" style=\"text-align: justify;\">Ca \u015fi \u00een anii preceden\u0163i, spre \u00eenc\u00e2ntarea lor, <b id=\"yui_3_16_0_1_1448981819163_7336\">copiii vor avea ocazia s\u0103 se plimbe prin Atriumul Palas Mall cu trenule\u0163ul Mo\u015fului<\/b>.<\/p>\n","protected":false},"excerpt":{"rendered":"<p>Concert al Filarmonicii Moldova Ia\u015fi * Sute de mii de lumini\u0163e \u00een parc \u015fi \u00een&#8230; <a class=\"meta-more\" href=\"https:\/\/infois.ro\/?p=20825\">more <span class=\"meta-nav\">&raquo;<\/span><\/a><\/p>\n","protected":false},"author":2,"featured_media":20826,"comment_status":"open","ping_status":"closed","sticky":false,"template":"","format":"standard","meta":{"footnotes":""},"categories":[6,41],"tags":[74,40,7771,1326,100],"aioseo_notices":[],"_links":{"self":[{"href":"https:\/\/infois.ro\/index.php?rest_route=\/wp\/v2\/posts\/20825"}],"collection":[{"href":"https:\/\/infois.ro\/index.php?rest_route=\/wp\/v2\/posts"}],"about":[{"href":"https:\/\/infois.ro\/index.php?rest_route=\/wp\/v2\/types\/post"}],"author":[{"embeddable":true,"href":"https:\/\/infois.ro\/index.php?rest_route=\/wp\/v2\/users\/2"}],"replies":[{"embeddable":true,"href":"https:\/\/infois.ro\/index.php?rest_route=%2Fwp%2Fv2%2Fcomments&post=20825"}],"version-history":[{"count":1,"href":"https:\/\/infois.ro\/index.php?rest_route=\/wp\/v2\/posts\/20825\/revisions"}],"predecessor-version":[{"id":20829,"href":"https:\/\/infois.ro\/index.php?rest_route=\/wp\/v2\/posts\/20825\/revisions\/20829"}],"wp:featuredmedia":[{"embeddable":true,"href":"https:\/\/infois.ro\/index.php?rest_route=\/wp\/v2\/media\/20826"}],"wp:attachment":[{"href":"https:\/\/infois.ro\/index.php?rest_route=%2Fwp%2Fv2%2Fmedia&parent=20825"}],"wp:term":[{"taxonomy":"category","embeddable":true,"href":"https:\/\/infois.ro\/index.php?rest_route=%2Fwp%2Fv2%2Fcategories&post=20825"},{"taxonomy":"post_tag","embeddable":true,"href":"https:\/\/infois.ro\/index.php?rest_route=%2Fwp%2Fv2%2Ftags&post=20825"}],"curies":[{"name":"wp","href":"https:\/\/api.w.org\/{rel}","templated":true}]}}