{"id":20944,"date":"2015-12-04T20:38:37","date_gmt":"2015-12-04T18:38:37","guid":{"rendered":"http:\/\/infois.ro\/?p=20944"},"modified":"2015-12-04T20:39:14","modified_gmt":"2015-12-04T18:39:14","slug":"comunitatile-locale-din-judetul-iasi-fruntase-la-colectarea-deseurilor-electrice-si-electrotehnice","status":"publish","type":"post","link":"https:\/\/infois.ro\/?p=20944","title":{"rendered":"Comunit\u0103\u021bile locale din jude\u021bul Ia\u0219i, frunta\u0219e la colectarea de\u0219eurilor electrice \u0219i electrotehnice"},"content":{"rendered":"<p style=\"text-align: justify;\"><a href=\"http:\/\/infois.ro\/wp-content\/uploads\/2015\/12\/concurs.jpg\"><img loading=\"lazy\" decoding=\"async\" class=\"alignleft  wp-image-20945\" src=\"http:\/\/infois.ro\/wp-content\/uploads\/2015\/12\/concurs.jpg\" alt=\"concurs\" width=\"326\" height=\"217\" srcset=\"https:\/\/infois.ro\/wp-content\/uploads\/2015\/12\/concurs.jpg 600w, https:\/\/infois.ro\/wp-content\/uploads\/2015\/12\/concurs-300x200.jpg 300w\" sizes=\"(max-width: 326px) 100vw, 326px\" \/><\/a><\/p>\n<p style=\"text-align: justify;\">\u00cen prezen\u021ba pre\u0219edintelui Consiliului Jude\u021bean (CJ), Victorel Lupu, vineri, 4 decembrie, la Ia\u0219i a avut loc festivitatea de premiere a c\u00e2\u0219tig\u0103torilor primei edi\u021bii a concursului av\u00e2nd ca tem\u0103 stimularea colect\u0103rii de\u0219eurilor electrice \u0219i electrotehnice (DEEE) \u00een r\u00e2ndul comunit\u0103\u021bilor locale din jude\u021bul Ia\u0219i. La ac\u021biune, ini\u021biat\u0103 de Asocia\u021bia Ecotic, \u00een parteneriat cu Agen\u021bia pentru Protec\u021bia Mediului (APM) Ia\u0219i \u0219i Asocia\u021bia de Dezvoltare Intercomunitar\u0103 pentru Salubritate (ADIS), care s-a desf\u0103\u0219urat \u00een perioada 1 septembrie \u2013 30 octombrie 2015, au participat cinci unit\u0103\u021bi administrativ-teritoriale din jude\u021bul Ia\u0219i. \u201dIdeea organiz\u0103rii acestui concurs a venit \u00een urma seminarului pe care l-am organizat \u00een luna iunie, care a avut ca tem\u0103 promovarea \u00een r\u00e2ndul popula\u021biei jude\u021bului Ia\u0219i a ac\u021biunii de colectare \u0219i depozitate a echipamentelor reciclabile. Astfel, \u00eempreun\u0103 cu partenerii no\u0219tri, Asocia\u021bia Ecotic, APM \u0219i ADIS, am hot\u0103r\u00e2t s\u0103 organiz\u0103m o competi\u021bie pe baz\u0103 de voluntariat \u00eentre unit\u0103\u021bile administrativ teritoriale, care s\u0103 aib\u0103 ca obiectiv stimularea colect\u0103rii de\u0219eurilor electrice \u0219i electrotehnice\u201d, a declarat pre\u0219edintele Consiliului Jude\u021bean (CJ) Ia\u0219i, Victorel Lupu. La r\u00e2ndul s\u0103u, Florin Carp, pre\u0219edintele Asocia\u021biei Ecotic, care reune\u0219te peste 500 de produc\u0103tori de echipamente electrice \u0219i electrotehnice din \u00eentreaga \u021bar\u0103, a precizat c\u0103 dintre toate jude\u021bele, la Ia\u0219i a g\u0103sit cea mai mare deschidere pentru organizarea unui astfel de concurs. \u201dIni\u021bial, \u00een competi\u021bie s-au \u00eenscris opt unit\u0103\u021bi administrativ teritoriale, dintre care, \u00een final au intrat efectiv \u00een concurs cinci dintre ele. \u00cen urma concursului s-a reu\u0219it colectarea unei cantit\u0103\u021bi de\u00a0 6.300 de kg de de\u0219euri electrice \u0219i electrotehnice (DEEE). \u00cen fiecare unitate administrativ teritorial\u0103 a fost amenajat, cu acest prilej, c\u00e2te un punct de colectare, unde cet\u0103\u021benii au putut aduce echipamentele electrice \u0219i electrotehnice de care nu mai aveau nevoie\u201d, a afirmat pre\u0219edintele Asocia\u021biei Ecotic. Premiul I, \u00een valoare de 1.200 de euro, a fost ob\u021binut de Prim\u0103ria comunei Victoria, premiul al II- lea, \u00een valoare de 500 de euro, a revenit SC Salubris SA , iar premiul al III-lea, \u00een valoare de 300 de euro, a fost c\u00e2\u0219tigat de Prim\u0103ria comunei Ciurea. C\u00e2te o Diplom\u0103 de merit, const\u00e2nd \u00een c\u00e2te o tablet\u0103, au ob\u021binut prim\u0103riile din comunele Podu Iloaiei \u0219i Miroslava. Potrivit\u00a0 reglement\u0103rilor \u00een vigoare, fiecare rom\u00e2n este obligat s\u0103 colecteze anual o cantitate de patru kilograme de de\u0219euri electrice \u0219i electrotehnice reciclabile. \u201dVa trebui ca astfel de ac\u021biuni s\u0103 fie continuate, pentru c\u0103 este absolut necesar ca popula\u021bia s\u0103 fie sensibilizat\u0103 \u00een ceea ce prive\u0219te colectarea \u0219i depozitarea acestei de\u0219euri. De altfel, noi, la nivelul jude\u021bului Ia\u0219i, avem un proiect amplu \u00een acest sens, care prive\u0219te managementul integrat al de\u0219eurilor, care urmeaz\u0103 s\u0103 fie finalizat \u00een cursul anului 2017\u201d, a men\u021bionat pre\u0219edintele CJ Ia\u0219i, Victorel Lupu. \u00cen acela\u0219i context, Florin Carp, pre\u0219edintele Asocia\u021biei Ecotic, a anun\u021bat, \u00een premier\u0103, c\u0103 anul viitor, \u00een municipiul Ia\u0219i, \u00een zona Gr\u0103dinari, va fi dat \u00een folosin\u021b\u0103 un centru modern de colectare at\u00e2t a de\u0219eurilor electrice \u0219i electrotehnice (DEEE), c\u00e2t \u0219i a de\u0219eurilor din sticl\u0103, plastic \u0219i h\u00e2rtie, care va fi gestionat \u00een parteneriat cu SC Salubris SA.<\/p>\n","protected":false},"excerpt":{"rendered":"<p>\u00cen prezen\u021ba pre\u0219edintelui Consiliului Jude\u021bean (CJ), Victorel Lupu, vineri, 4 decembrie, la Ia\u0219i a avut&#8230; <a class=\"meta-more\" href=\"https:\/\/infois.ro\/?p=20944\">more <span class=\"meta-nav\">&raquo;<\/span><\/a><\/p>\n","protected":false},"author":2,"featured_media":20945,"comment_status":"open","ping_status":"closed","sticky":false,"template":"","format":"standard","meta":{"footnotes":""},"categories":[1],"tags":[362,374,576,1607],"aioseo_notices":[],"_links":{"self":[{"href":"https:\/\/infois.ro\/index.php?rest_route=\/wp\/v2\/posts\/20944"}],"collection":[{"href":"https:\/\/infois.ro\/index.php?rest_route=\/wp\/v2\/posts"}],"about":[{"href":"https:\/\/infois.ro\/index.php?rest_route=\/wp\/v2\/types\/post"}],"author":[{"embeddable":true,"href":"https:\/\/infois.ro\/index.php?rest_route=\/wp\/v2\/users\/2"}],"replies":[{"embeddable":true,"href":"https:\/\/infois.ro\/index.php?rest_route=%2Fwp%2Fv2%2Fcomments&post=20944"}],"version-history":[{"count":2,"href":"https:\/\/infois.ro\/index.php?rest_route=\/wp\/v2\/posts\/20944\/revisions"}],"predecessor-version":[{"id":20947,"href":"https:\/\/infois.ro\/index.php?rest_route=\/wp\/v2\/posts\/20944\/revisions\/20947"}],"wp:featuredmedia":[{"embeddable":true,"href":"https:\/\/infois.ro\/index.php?rest_route=\/wp\/v2\/media\/20945"}],"wp:attachment":[{"href":"https:\/\/infois.ro\/index.php?rest_route=%2Fwp%2Fv2%2Fmedia&parent=20944"}],"wp:term":[{"taxonomy":"category","embeddable":true,"href":"https:\/\/infois.ro\/index.php?rest_route=%2Fwp%2Fv2%2Fcategories&post=20944"},{"taxonomy":"post_tag","embeddable":true,"href":"https:\/\/infois.ro\/index.php?rest_route=%2Fwp%2Fv2%2Ftags&post=20944"}],"curies":[{"name":"wp","href":"https:\/\/api.w.org\/{rel}","templated":true}]}}