{"id":21062,"date":"2015-12-10T13:33:25","date_gmt":"2015-12-10T11:33:25","guid":{"rendered":"http:\/\/infois.ro\/?p=21062"},"modified":"2015-12-10T13:33:25","modified_gmt":"2015-12-10T11:33:25","slug":"zece-elevi-insotiti-de-doi-profesori-de-la-liceul-tehnologic-economic-de-turism-iasi-au-vizitat-orasul-poznan-din-polonia-in-cadrul-unui-proiect-erasmus","status":"publish","type":"post","link":"https:\/\/infois.ro\/?p=21062","title":{"rendered":"Zece elevi \u00eenso\u021bi\u021bi de doi profesori, de la Liceul Tehnologic Economic de Turism, Ia\u0219i, au vizitat ora\u0219ul Poznan din Polonia \u00een cadrul unui proiect ERASMUS +"},"content":{"rendered":"<p style=\"text-align: justify;\"><a href=\"http:\/\/infois.ro\/wp-content\/uploads\/2015\/12\/erasmus-.jpg\"><img loading=\"lazy\" decoding=\"async\" class=\"alignleft  wp-image-20859\" src=\"http:\/\/infois.ro\/wp-content\/uploads\/2015\/12\/erasmus-.jpg\" alt=\"erasmus+\" width=\"299\" height=\"299\" srcset=\"https:\/\/infois.ro\/wp-content\/uploads\/2015\/12\/erasmus-.jpg 600w, https:\/\/infois.ro\/wp-content\/uploads\/2015\/12\/erasmus--150x150.jpg 150w, https:\/\/infois.ro\/wp-content\/uploads\/2015\/12\/erasmus--300x300.jpg 300w, https:\/\/infois.ro\/wp-content\/uploads\/2015\/12\/erasmus--80x80.jpg 80w, https:\/\/infois.ro\/wp-content\/uploads\/2015\/12\/erasmus--100x100.jpg 100w\" sizes=\"(max-width: 299px) 100vw, 299px\" \/><\/a>La \u00eenceputul lunii decembrie a avut loc prima vizit\u0103 de lucru cu elevii, \u00een cadrul proiectului Erasmus+ \u201cCooperarea dintre \u0219colile europene \u00een vederea cre\u0103rii, aplic\u0103rii \u0219i disemin\u0103rii resurselor educa\u021bionale deschise prin folosirea tehnologiilor informa\u021biei \u0219i ale comunic\u0103rii \u201d.<br \/>\nVizita s-a desf\u0103\u0219urat \u00een ora\u0219ul Poznan din Polonia \u0219i au participat zece elevi \u0219i dou\u0103 cadre didactice de la Liceul Tehnologic Economic de Turism, Ia\u0219i. Programul preg\u0103tit de partenerii din Polonia a fost foarte atractiv \u0219i diversificat, astfel \u00eenc\u00e2t elevii au avut parte de o experien\u021b\u0103 de neuitat.<br \/>\n\u021ain\u00e2nd cont de faptul c\u0103 obiectivul principal al proiectului este de a implementa folosirea tehnologiei \u00een cadrul curriculum-ului, cu scopul de a dezvolta elevilor competen\u021be \u0219i abilit\u0103\u021bi necesare secolului XXI, \u00eentr-un mod eficient \u0219i creativ, din program nu au lipsit ateliere de lucru \u00een care s-au creat documentare \u00een iMovie. Totodat\u0103, echipa din Rom\u00e2nia a \u021binut \u0219i un curs de training Glogster pentru elevi \u0219i profesori.<br \/>\nDe asemenea, s-au desf\u0103\u0219urat activit\u0103\u021bi culturale \u0219i de divertisment precum: s\u0103rb\u0103torirea Sf. Andrei, o serat\u0103 de poezie \u0219i un festival al culturilor. Un foarte mare succes l-a avut \u201cV\u00e2n\u0103toarea de comori\u201d \u2013 un joc prin care elevii au descoperit frumuse\u021bile ora\u0219ului Poznan prin folosirea unor h\u0103r\u021bi interactive care le-au permis orientarea \u0219i identificarea unor obiective tuistice importante. Prin astfel de activit\u0103\u021bi elevii au \u00eenv\u0103\u021bat despre multiculturalism, despre ideea de unitate \u00een diversitate, au \u00eenv\u0103\u021bat s\u0103 se accepte \u0219i s\u0103 se respecte reciproc. Totodat\u0103, astfel de activit\u0103\u021bi le-au oferit adolescen\u021bilor oportunit\u0103\u021bi de comunicare \u00een limba englez\u0103.<br \/>\nUrm\u0103toarea \u00eent\u00e2lnire transna\u021bional\u0103 are loc \u00een aprilie 2016, la Civitavecchia, \u00een Italia.<\/p>\n","protected":false},"excerpt":{"rendered":"<p>La \u00eenceputul lunii decembrie a avut loc prima vizit\u0103 de lucru cu elevii, \u00een cadrul&#8230; <a class=\"meta-more\" href=\"https:\/\/infois.ro\/?p=21062\">more <span class=\"meta-nav\">&raquo;<\/span><\/a><\/p>\n","protected":false},"author":2,"featured_media":20859,"comment_status":"open","ping_status":"closed","sticky":false,"template":"","format":"standard","meta":{"footnotes":""},"categories":[12],"tags":[4900,395,40,1979,3112],"aioseo_notices":[],"_links":{"self":[{"href":"https:\/\/infois.ro\/index.php?rest_route=\/wp\/v2\/posts\/21062"}],"collection":[{"href":"https:\/\/infois.ro\/index.php?rest_route=\/wp\/v2\/posts"}],"about":[{"href":"https:\/\/infois.ro\/index.php?rest_route=\/wp\/v2\/types\/post"}],"author":[{"embeddable":true,"href":"https:\/\/infois.ro\/index.php?rest_route=\/wp\/v2\/users\/2"}],"replies":[{"embeddable":true,"href":"https:\/\/infois.ro\/index.php?rest_route=%2Fwp%2Fv2%2Fcomments&post=21062"}],"version-history":[{"count":1,"href":"https:\/\/infois.ro\/index.php?rest_route=\/wp\/v2\/posts\/21062\/revisions"}],"predecessor-version":[{"id":21063,"href":"https:\/\/infois.ro\/index.php?rest_route=\/wp\/v2\/posts\/21062\/revisions\/21063"}],"wp:featuredmedia":[{"embeddable":true,"href":"https:\/\/infois.ro\/index.php?rest_route=\/wp\/v2\/media\/20859"}],"wp:attachment":[{"href":"https:\/\/infois.ro\/index.php?rest_route=%2Fwp%2Fv2%2Fmedia&parent=21062"}],"wp:term":[{"taxonomy":"category","embeddable":true,"href":"https:\/\/infois.ro\/index.php?rest_route=%2Fwp%2Fv2%2Fcategories&post=21062"},{"taxonomy":"post_tag","embeddable":true,"href":"https:\/\/infois.ro\/index.php?rest_route=%2Fwp%2Fv2%2Ftags&post=21062"}],"curies":[{"name":"wp","href":"https:\/\/api.w.org\/{rel}","templated":true}]}}