{"id":2117,"date":"2012-10-09T14:21:32","date_gmt":"2012-10-09T11:21:32","guid":{"rendered":"http:\/\/infois.ro\/?p=2117"},"modified":"2012-10-09T14:21:32","modified_gmt":"2012-10-09T11:21:32","slug":"iasul-se-va-infrati-cu-cernautiul","status":"publish","type":"post","link":"https:\/\/infois.ro\/?p=2117","title":{"rendered":"Ia\u0219ul se va \u00eenfr\u0103\u021bi cu Cern\u0103u\u021biul"},"content":{"rendered":"<p style=\"text-align: justify;\"><a class=\"highslide\" onclick=\"return vz.expand(this)\" href=\"http:\/\/infois.ro\/wp-content\/uploads\/2012\/10\/iasi-cernauti.jpg\"><img loading=\"lazy\" decoding=\"async\" class=\"alignleft size-large wp-image-2118\" title=\"iasi - cernauti\" src=\"http:\/\/infois.ro\/wp-content\/uploads\/cache\/2012\/10\/iasi-cernauti\/2654196866.jpg\" alt=\"\" width=\"560\" height=\"420\" \/><\/a>La sf\u00e2r\u0219itul acestei s\u0103pt\u0103m\u00e2ni, la Ia\u0219i va avea loc oficializarea semn\u0103rii protocolului de \u00eenfr\u0103\u021bire dintre municipiul Ia\u0219i \u0219i ora\u0219ul Cern\u0103u\u021bi, din Ucraina. Evenimentul va avea loc \u00een Sala Mare a Prim\u0103riei, documentul urm\u00e2nd s\u0103 fie semnat de reprezentan\u021bii celor dou\u0103 ora\u0219e. Prima etap\u0103 privind semnarea protocolului de \u00eenfr\u0103\u021bire dintre cele dou\u0103 localit\u0103\u021bi s-a desf\u0103\u0219urat la sf\u00e2r\u0219itul s\u0103pt\u0103m\u00e2nii trecute, la Cern\u0103u\u021bi, partea rom\u00e2n\u0103 fiind reprezentat\u0103 la ceremonie de viceprimarul Ia\u0219ilor, Mihai Chirica, iar cea ucrainean\u0103 de secretarul Prim\u0103riei din Cern\u0103u\u021bi, Vitalii Myhailisin. Ideea \u00eenfr\u0103\u021birii celor dou\u0103 ora\u0219e apar\u021bine, \u00eenc\u0103 din anul 2010, Asocia\u021biei de Prietenie Rom\u00e2nia \u2013 Ucraina, aceasta fiind sus\u021binut\u0103 puternic de primarii celor dou\u0103 localit\u0103\u021bi. &#8220;\u00cen anul 2010, legisla\u021bia din Ucraina nu permitea \u00eenfr\u0103\u021birea cu dou\u0103 ora\u0219e din aceea\u0219i \u021bar\u0103, Cern\u0103u\u021biul av\u00e2nd \u00eencheiat un astfel de protocol \u0219i cu Suceava. Dup\u0103 mai multe discu\u021bii \u0219i tratative am semnat s\u00e2mb\u0103t\u0103, 6 octombrie,\u00a0 acordul de \u00eenfr\u0103\u021bire. Semnarea celei de-a doua p\u0103r\u021bi a protocolului de \u00eenfr\u0103\u021bire dintre cele dou\u0103 ora\u0219e\u00a0 va avea loc la sf\u00e2r\u0219itul acestei s\u0103pt\u0103m\u00e2ni, la Ia\u0219i. M\u0103 bucur foarte mult pentru c\u0103 aceast\u0103 \u00eenfr\u0103\u021bire vine ca o completare a actului similar pe care Ia\u0219ul l-a semnat cu Chi\u0219in\u0103ul\u201d , a declarat consilierul local Sorin Iacoban, membru \u00een delega\u021bia rom\u00e2n\u0103, prezent\u0103 la sf\u00e2r\u0219itul s\u0103pt\u0103m\u00e2nii trecute \u00een Ucraina, la semnarea primei p\u0103r\u021bi a protocolului de \u00eenfr\u0103\u021bire dintre Ia\u0219i \u0219i Cern\u0103u\u021bi. P\u00e2n\u0103 \u00een prezent, municipiul Ia\u0219i are semante protocoale de \u00eenfr\u0103\u021bire cu peste 20 de ora\u0219e din \u00eentreaga lume, printre care XI\u2019AN (China), Monterrey (Mexic), Padova (Italia) \u0219i Isfahan (Iran) .<\/p>\n","protected":false},"excerpt":{"rendered":"<p>La sf\u00e2r\u0219itul acestei s\u0103pt\u0103m\u00e2ni, la Ia\u0219i va avea loc oficializarea semn\u0103rii protocolului de \u00eenfr\u0103\u021bire dintre&#8230; <a class=\"meta-more\" href=\"https:\/\/infois.ro\/?p=2117\">more <span class=\"meta-nav\">&raquo;<\/span><\/a><\/p>\n","protected":false},"author":2,"featured_media":2118,"comment_status":"open","ping_status":"open","sticky":false,"template":"","format":"standard","meta":{"footnotes":""},"categories":[1],"tags":[],"aioseo_notices":[],"_links":{"self":[{"href":"https:\/\/infois.ro\/index.php?rest_route=\/wp\/v2\/posts\/2117"}],"collection":[{"href":"https:\/\/infois.ro\/index.php?rest_route=\/wp\/v2\/posts"}],"about":[{"href":"https:\/\/infois.ro\/index.php?rest_route=\/wp\/v2\/types\/post"}],"author":[{"embeddable":true,"href":"https:\/\/infois.ro\/index.php?rest_route=\/wp\/v2\/users\/2"}],"replies":[{"embeddable":true,"href":"https:\/\/infois.ro\/index.php?rest_route=%2Fwp%2Fv2%2Fcomments&post=2117"}],"version-history":[{"count":1,"href":"https:\/\/infois.ro\/index.php?rest_route=\/wp\/v2\/posts\/2117\/revisions"}],"predecessor-version":[{"id":2119,"href":"https:\/\/infois.ro\/index.php?rest_route=\/wp\/v2\/posts\/2117\/revisions\/2119"}],"wp:featuredmedia":[{"embeddable":true,"href":"https:\/\/infois.ro\/index.php?rest_route=\/wp\/v2\/media\/2118"}],"wp:attachment":[{"href":"https:\/\/infois.ro\/index.php?rest_route=%2Fwp%2Fv2%2Fmedia&parent=2117"}],"wp:term":[{"taxonomy":"category","embeddable":true,"href":"https:\/\/infois.ro\/index.php?rest_route=%2Fwp%2Fv2%2Fcategories&post=2117"},{"taxonomy":"post_tag","embeddable":true,"href":"https:\/\/infois.ro\/index.php?rest_route=%2Fwp%2Fv2%2Ftags&post=2117"}],"curies":[{"name":"wp","href":"https:\/\/api.w.org\/{rel}","templated":true}]}}