{"id":21245,"date":"2015-12-18T18:10:08","date_gmt":"2015-12-18T16:10:08","guid":{"rendered":"http:\/\/infois.ro\/?p=21245"},"modified":"2015-12-18T18:10:08","modified_gmt":"2015-12-18T16:10:08","slug":"mos-craciun-vine-in-cartierele-iasului","status":"publish","type":"post","link":"https:\/\/infois.ro\/?p=21245","title":{"rendered":"Mo\u0219 Cr\u0103ciun vine \u00een cartierele Ia\u0219ului"},"content":{"rendered":"<p style=\"text-align: justify;\"><a href=\"http:\/\/infois.ro\/wp-content\/uploads\/2015\/12\/mos-craciun.jpg\"><img loading=\"lazy\" decoding=\"async\" class=\"alignleft  wp-image-21246\" src=\"http:\/\/infois.ro\/wp-content\/uploads\/2015\/12\/mos-craciun.jpg\" alt=\"mos-craciun\" width=\"231\" height=\"327\" srcset=\"https:\/\/infois.ro\/wp-content\/uploads\/2015\/12\/mos-craciun.jpg 600w, https:\/\/infois.ro\/wp-content\/uploads\/2015\/12\/mos-craciun-212x300.jpg 212w\" sizes=\"(max-width: 231px) 100vw, 231px\" \/><\/a><\/p>\n<p style=\"text-align: justify;\">Sub genericul \u201dMo\u0219 Cr\u0103ciun vine \u00een cartier\u201d, Prim\u0103ria Municipiului Ia\u015fi organizeaz\u0103 \u0219i \u00een acest an o serie de evenimente speciale \u00een cartierele ora\u015fului. Astfel, s\u00e2mb\u0103t\u0103, 19 decembrie, \u0219i duminic\u0103, 20 decembrie, \u00een patru dintre cartierele Ia\u0219ului vor fi organizate spectacole sus\u021binute de forma\u021bii locale. Totodat\u0103, Mo\u0219 Cr\u0103ciun \u0219i echipa sa vor \u00eemp\u0103r\u021bi cadouri copiilor prezen\u021bi. Programul evenimentelor este urm\u0103torul: s\u00e2mb\u0103t\u0103, 19 decembrie, ora 11.30 &#8211; cartierul Dacia &#8211; parc Dacia: spectacol prezentat de forma\u021bia de obiceiuri tradi\u021bionale \u201dCerbul de la Hele\u0219teni\u201d \u0219i copiii trupei \u201d\u00cen\u0219ir&#8217;te M\u0103rg\u0103rite\u201d; s\u00e2mb\u0103t\u0103, 19 decembrie, ora 13.00 &#8211; cartierul Nicolina \u00a0&#8211; Esplanada Nicolina I: spectacol prezentat de forma\u00ad\u021bia de obiceiuri tradi\u00ad\u021bionale \u201dCerbul de la Hele\u0219teni\u201d \u0219i copiii trupei \u201d\u00cen\u0219ir&#8217;te M\u0103rg\u0103rite\u201d; duminic\u0103, 20 decembrie, ora 11.00 &#8211; cartierul Alexandru cel Bun &#8211; Pia\u021ba Voievozilor: spectacol prezentat de grupul Anka\u2019s Kids \u0219i copiii trupei \u201d\u00cen\u0219ir&#8217;te M\u0103rg\u0103rite\u201d; duminic\u0103, 20 decembrie, ora 12.30 &#8211; cartierul T\u0103t\u0103ra\u0219i &#8211; Esplanada Oancea: spectacol prezentat de membrii Cercului Melos de la Palatul Copiilor \u0219i copiii trupei \u201d\u00cen\u0219ir&#8217;te M\u0103rg\u0103rite\u201d.<\/p>\n","protected":false},"excerpt":{"rendered":"<p>Sub genericul \u201dMo\u0219 Cr\u0103ciun vine \u00een cartier\u201d, Prim\u0103ria Municipiului Ia\u015fi organizeaz\u0103 \u0219i \u00een acest an&#8230; <a class=\"meta-more\" href=\"https:\/\/infois.ro\/?p=21245\">more <span class=\"meta-nav\">&raquo;<\/span><\/a><\/p>\n","protected":false},"author":2,"featured_media":21246,"comment_status":"open","ping_status":"closed","sticky":false,"template":"","format":"standard","meta":{"footnotes":""},"categories":[1,41],"tags":[74,1381,40,1326,3108],"aioseo_notices":[],"_links":{"self":[{"href":"https:\/\/infois.ro\/index.php?rest_route=\/wp\/v2\/posts\/21245"}],"collection":[{"href":"https:\/\/infois.ro\/index.php?rest_route=\/wp\/v2\/posts"}],"about":[{"href":"https:\/\/infois.ro\/index.php?rest_route=\/wp\/v2\/types\/post"}],"author":[{"embeddable":true,"href":"https:\/\/infois.ro\/index.php?rest_route=\/wp\/v2\/users\/2"}],"replies":[{"embeddable":true,"href":"https:\/\/infois.ro\/index.php?rest_route=%2Fwp%2Fv2%2Fcomments&post=21245"}],"version-history":[{"count":1,"href":"https:\/\/infois.ro\/index.php?rest_route=\/wp\/v2\/posts\/21245\/revisions"}],"predecessor-version":[{"id":21247,"href":"https:\/\/infois.ro\/index.php?rest_route=\/wp\/v2\/posts\/21245\/revisions\/21247"}],"wp:featuredmedia":[{"embeddable":true,"href":"https:\/\/infois.ro\/index.php?rest_route=\/wp\/v2\/media\/21246"}],"wp:attachment":[{"href":"https:\/\/infois.ro\/index.php?rest_route=%2Fwp%2Fv2%2Fmedia&parent=21245"}],"wp:term":[{"taxonomy":"category","embeddable":true,"href":"https:\/\/infois.ro\/index.php?rest_route=%2Fwp%2Fv2%2Fcategories&post=21245"},{"taxonomy":"post_tag","embeddable":true,"href":"https:\/\/infois.ro\/index.php?rest_route=%2Fwp%2Fv2%2Ftags&post=21245"}],"curies":[{"name":"wp","href":"https:\/\/api.w.org\/{rel}","templated":true}]}}