{"id":21276,"date":"2015-12-22T09:19:05","date_gmt":"2015-12-22T07:19:05","guid":{"rendered":"http:\/\/infois.ro\/?p=21276"},"modified":"2015-12-22T09:19:05","modified_gmt":"2015-12-22T07:19:05","slug":"cinci-scoli-din-judetul-iasi-castigatoare-in-cadrul-unui-proiect-de-responsabilitate-sociala","status":"publish","type":"post","link":"https:\/\/infois.ro\/?p=21276","title":{"rendered":"Cinci \u0219coli din jude\u021bul Ia\u0219i, c\u00e2\u0219tig\u0103toare \u00een cadrul unui proiect de responsabilitate social\u0103"},"content":{"rendered":"<p style=\"text-align: justify;\"><a href=\"http:\/\/infois.ro\/wp-content\/uploads\/2015\/12\/responsabilitate-sociala.jpg\"><img loading=\"lazy\" decoding=\"async\" class=\"alignleft  wp-image-21277\" src=\"http:\/\/infois.ro\/wp-content\/uploads\/2015\/12\/responsabilitate-sociala.jpg\" alt=\"responsabilitate sociala\" width=\"366\" height=\"242\" srcset=\"https:\/\/infois.ro\/wp-content\/uploads\/2015\/12\/responsabilitate-sociala.jpg 640w, https:\/\/infois.ro\/wp-content\/uploads\/2015\/12\/responsabilitate-sociala-300x198.jpg 300w\" sizes=\"(max-width: 366px) 100vw, 366px\" \/><\/a><\/p>\n<p style=\"text-align: justify;\">\u00cen preajma s\u0103rb\u0103torilor de iarn\u0103, Mo\u015f Cr\u0103ciun vine cu premii \u00een valoare de 2.000 de euro pentru fiecare dintre cele cinci \u015fcoli din jude\u0163ul Ia\u015fi: \u015ecoala Gimnazial\u0103 &#8220;Ion Simionescu&#8221; Ia\u015fi, \u015ecoala Gimnazial\u0103 &#8220;Nicolae Iorga&#8221; Ia\u015fi, \u015ecoala Gimnazial\u0103 Chicerea, \u015ecoala Gimnazial\u0103 Valea Lupului \u015fi \u015ecoala Gimnazial\u0103 &#8220;\u015etefan cel Mare&#8221; Dancu. Institu\u0163iile men\u0163ionate mai sus au fost declarate c\u00e2\u015ftig\u0103toare \u00een cadrul programul na\u0163ional de responsabilitate social\u0103 ,\u201dOlimpiadele Kaufland\u201d, implementat de asocia\u0163ia\u00a0\u0218coala de Valori, \u00een parteneriat cu Ministerul Educa\u021biei Na\u021bionale \u0219i Cercet\u0103rii \u0218tiin\u021bifice, \u015fi reprezint\u0103 recompensa pentru implicarea activ\u0103 \u00een competi\u0163ia online pe site-ul\u00a0<a href=\"http:\/\/www.olimpiadelek.ro\/\">www.olimpiadelek.ro<\/a>, organizat\u0103 \u00een perioada 15 septembrie 2015 \u2013 29 februarie 2016.\u00a0\u00a0\u00cen cadrul acestui program exist\u0103 dou\u0103 etape de premiere:\u00a0\u201dTop H\u0103rnicu\u021bi\u201d, care\u00a0recompenseaz\u0103 cu c\u00e2te 2.000 de euro un num\u0103r de o sut\u0103 de \u0219coli din cele 1.362 \u00eenscrise la nivel na\u0163ional cu activit\u0103\u0163i \u015fi proiecte educative inedite pe domenii variate, precum protec\u0163ia mediului, sport \u015fi s\u0103n\u0103tate, creativitate \u015fi tradi\u0163ii, \u015ftiin\u0163\u0103, cultur\u0103 \u015fi educa\u0163ie \u0219i \u201dTop Frunta\u0219i\u201d, care\u00a0va fi acordat pe 16 martie 2016, const\u00e2nd \u00een premii cu o valoare mult mai mare (premiul I- 40.000 euro, premiul II \u2013 30.000 euro, premiul III- 20.000 de euro), pentru cele mai multe \u015fi inovative activit\u0103\u021bi derulate de \u015fcoli p\u00e2n\u0103 la finalul programului. \u201d\u015ecolile premiate au fost selectate \u00een Top<em>\u00a0<\/em>H\u0103rnicu\u021bi\u00a0datorit\u0103 num\u0103rului mare de activit\u0103\u0163i \u00a0desf\u0103\u015furate, \u00a0a num\u0103rului de elevi \u015fi cadre didactice implicate, dar \u015fi\u00a0 pentru calitatea evenimentelor organizate \u015fi a solu\u0163iilor practice oferite: ac\u0163iuni de ecologizare, plantare de copaci, reciclare de\u015feuri, competi\u0163ii sportive, spectacole \u015fi expozi\u0163ii, vizite culturale, proiecte de educa\u0163ie financiar\u0103, estetic\u0103 urban\u0103, cump\u0103r\u0103turi inteligente, prim ajutor, civiliza\u0163ie \u00een trafic, siguran\u0163a pe internet etc. \u015ecolile care doresc s\u0103 intre \u00een cursa final\u0103, trebuie s\u0103-\u015fi anun\u0163e activit\u0103\u0163ile planificate pentru lunile ianuarie \u015fi februarie 2016, p\u00e2n\u0103 pe 31 decembrie 2015.\u00a0\u00a0Ne dorim ca \u015fcolile din jude\u0163ul Ia\u015fi s\u0103 fie \u00een topul clasamentului final al acestui program \u015fi ne bucur\u0103 faptul c\u0103 implicarea, ini\u0163iativa \u015fi creativitatea elevilor, manifestate \u00een contexte de educa\u0163ie nonformal\u0103, sunt apreciate \u015fi promovate prin programe de impact la nivelul \u0163\u0103rii, cre\u00e2nd oportunit\u0103\u0163i de dezvoltare a unui climat educa\u0163ional complex \u00een \u015fcolile noastre\u201d, a declarat prof. Alla \u00a0Apopei, inspector pentru activit\u0103\u021bi extra\u0219colare \u00een cadrul Inspectoratului \u0218colar Jude\u021bean Ia\u0219i.<\/p>\n<p style=\"text-align: justify;\"><strong>\u00a0<\/strong><\/p>\n","protected":false},"excerpt":{"rendered":"<p>\u00cen preajma s\u0103rb\u0103torilor de iarn\u0103, Mo\u015f Cr\u0103ciun vine cu premii \u00een valoare de 2.000 de&#8230; <a class=\"meta-more\" href=\"https:\/\/infois.ro\/?p=21276\">more <span class=\"meta-nav\">&raquo;<\/span><\/a><\/p>\n","protected":false},"author":2,"featured_media":21277,"comment_status":"open","ping_status":"closed","sticky":false,"template":"","format":"standard","meta":{"footnotes":""},"categories":[12,41],"tags":[74,89,40,3112,870],"aioseo_notices":[],"_links":{"self":[{"href":"https:\/\/infois.ro\/index.php?rest_route=\/wp\/v2\/posts\/21276"}],"collection":[{"href":"https:\/\/infois.ro\/index.php?rest_route=\/wp\/v2\/posts"}],"about":[{"href":"https:\/\/infois.ro\/index.php?rest_route=\/wp\/v2\/types\/post"}],"author":[{"embeddable":true,"href":"https:\/\/infois.ro\/index.php?rest_route=\/wp\/v2\/users\/2"}],"replies":[{"embeddable":true,"href":"https:\/\/infois.ro\/index.php?rest_route=%2Fwp%2Fv2%2Fcomments&post=21276"}],"version-history":[{"count":1,"href":"https:\/\/infois.ro\/index.php?rest_route=\/wp\/v2\/posts\/21276\/revisions"}],"predecessor-version":[{"id":21278,"href":"https:\/\/infois.ro\/index.php?rest_route=\/wp\/v2\/posts\/21276\/revisions\/21278"}],"wp:featuredmedia":[{"embeddable":true,"href":"https:\/\/infois.ro\/index.php?rest_route=\/wp\/v2\/media\/21277"}],"wp:attachment":[{"href":"https:\/\/infois.ro\/index.php?rest_route=%2Fwp%2Fv2%2Fmedia&parent=21276"}],"wp:term":[{"taxonomy":"category","embeddable":true,"href":"https:\/\/infois.ro\/index.php?rest_route=%2Fwp%2Fv2%2Fcategories&post=21276"},{"taxonomy":"post_tag","embeddable":true,"href":"https:\/\/infois.ro\/index.php?rest_route=%2Fwp%2Fv2%2Ftags&post=21276"}],"curies":[{"name":"wp","href":"https:\/\/api.w.org\/{rel}","templated":true}]}}