{"id":21279,"date":"2015-12-22T09:34:58","date_gmt":"2015-12-22T07:34:58","guid":{"rendered":"http:\/\/infois.ro\/?p=21279"},"modified":"2015-12-22T09:34:58","modified_gmt":"2015-12-22T07:34:58","slug":"scoala-din-satul-perieni-comuna-probota-consolidata-si-reabilitata-prin-intermediul-unui-proiect-cu-finantare-europeana","status":"publish","type":"post","link":"https:\/\/infois.ro\/?p=21279","title":{"rendered":"\u0218coala din satul Perieni, comuna Probota, consolidat\u0103 \u0219i reabilitat\u0103 prin intermediul unui proiect cu finan\u021bare european\u0103"},"content":{"rendered":"<p style=\"text-align: justify;\"><a href=\"http:\/\/infois.ro\/wp-content\/uploads\/2015\/12\/elevi.jpg\"><img loading=\"lazy\" decoding=\"async\" class=\"alignleft  wp-image-21280\" src=\"http:\/\/infois.ro\/wp-content\/uploads\/2015\/12\/elevi.jpg\" alt=\"elevi\" width=\"336\" height=\"217\" srcset=\"https:\/\/infois.ro\/wp-content\/uploads\/2015\/12\/elevi.jpg 640w, https:\/\/infois.ro\/wp-content\/uploads\/2015\/12\/elevi-300x193.jpg 300w\" sizes=\"(max-width: 336px) 100vw, 336px\" \/><\/a><\/p>\n<p style=\"text-align: justify;\">Parteneriatul dintre Unitatea Administrativ &#8211; Teritorial\u0103 Comuna Probota, jude\u0163ul Ia\u015fi \u015fi \u015ecoala Gimnazial\u0103 \u201ePetru Anghel\u201d Probota, condus \u015fi reprezentant de UAT Comuna Probota, jude\u0163ul Ia\u015fi, \u00een calitate de beneficiar, anun\u0163\u0103 finalizarea cu succes a proiectului \u201dConsolidare, reabilitare \u0219i modernizare la \u015fcoala cu clasele I &#8211; IV, sat Perieni, comuna Probota, jude\u0163ul Ia\u015fi\u201d, finan\u0163at prin Programul Opera\u0163ional Regional 2007 \u2013 2013, Axa prioritar\u0103 3 \u2013 \u00cembun\u0103t\u0103\u0163irea infrastructurii sociale, Domeniul major de interven\u0163ie 3.4 \u2013 Reabilitarea, modernizarea, dezvoltarea \u015fi echiparea infrastructurii educa\u0163ionale preuniversitare, universitare \u015fi a infrastructurii pentru formare profesional\u0103 continu\u0103, cod SMIS 54115, conform Contractului de finan\u0163are \u00eencheiat cu Ministerul Dezvolt\u0103rii Regionale \u015fi Administra\u0163iei Publice \u2013 Autoritate de Management pentru POR 2007 &#8211; 2013, prin Agen\u0163ia pentru Dezvoltare Regional\u0103 Nord-Est \u2013 Organism Intermediar pentru POR 2007 &#8211; 2013. Obiectivul general al proiectului l-a reprezentat \u00eembun\u0103t\u0103\u0163irea calit\u0103\u0163ii infrastructurii de educa\u0163ie pentru asigurarea unui proces educa\u0163ional la standarde europene, iar cel specific &#8211; consolidarea, reabilitarea \u015fi modernizarea \u015fcolii cu clasele I &#8211; IV, sat Perieni, comuna Probota, jude\u0163ul Ia\u015fi. Proiectul a vizat \u00eembun\u0103t\u0103\u0163irea calit\u0103\u0163ii infrastructurii de educa\u0163ie din jude\u0163ul Ia\u015fi prin consolidarea, reabilitarea \u015fi modernizarea unei institu\u0163ii de \u00eenv\u0103\u0163\u0103m\u00e2nt care desf\u0103\u015foar\u0103 activit\u0103\u0163i de educa\u0163ie pentru nivelul primar. Implementarea proiectului a presupus consolidarea (reabilitarea \u015fi extinderea) infrastructurii de educa\u0163ie existente \u015fi aducerea la standardele de calitate din domeniu. Prin lucr\u0103rile realizate s-a vizat \u00eembun\u0103t\u0103\u0163irea principalelor caracteristici ale imobilului inclus \u00een proiect, \u00een vederea respect\u0103rii standardelor minime privind infrastructura de educa\u0163ie \u015fi a desf\u0103\u015fur\u0103rii unui proces educa\u0163ional la standarde europene. Principalii beneficiari ai rezultatelor proiectului sunt cei 102 elevi care vor activa \u00een cadrul \u015ecolii Gimanziale \u201dGrigore Sturdza\u201d \u2013 sat Perieni \u00een ciclul primar, cadrele didactice \u015fi Prim\u0103ria comunei Probota. Perioada de implementare a proiectului a fost de 12 luni (31.12.2014 &#8211; 30.12.2015). Valoarea total\u0103 a proiectului a fost de 1.615.958,43 lei, din care 766.553,15 lei reprezint\u0103 valoarea total\u0103 eligibil\u0103.<\/p>\n","protected":false},"excerpt":{"rendered":"<p>Parteneriatul dintre Unitatea Administrativ &#8211; Teritorial\u0103 Comuna Probota, jude\u0163ul Ia\u015fi \u015fi \u015ecoala Gimnazial\u0103 \u201ePetru Anghel\u201d&#8230; <a class=\"meta-more\" href=\"https:\/\/infois.ro\/?p=21279\">more <span class=\"meta-nav\">&raquo;<\/span><\/a><\/p>\n","protected":false},"author":2,"featured_media":21280,"comment_status":"open","ping_status":"closed","sticky":false,"template":"","format":"standard","meta":{"footnotes":""},"categories":[12],"tags":[1400,40,3614,7818,3112],"aioseo_notices":[],"_links":{"self":[{"href":"https:\/\/infois.ro\/index.php?rest_route=\/wp\/v2\/posts\/21279"}],"collection":[{"href":"https:\/\/infois.ro\/index.php?rest_route=\/wp\/v2\/posts"}],"about":[{"href":"https:\/\/infois.ro\/index.php?rest_route=\/wp\/v2\/types\/post"}],"author":[{"embeddable":true,"href":"https:\/\/infois.ro\/index.php?rest_route=\/wp\/v2\/users\/2"}],"replies":[{"embeddable":true,"href":"https:\/\/infois.ro\/index.php?rest_route=%2Fwp%2Fv2%2Fcomments&post=21279"}],"version-history":[{"count":1,"href":"https:\/\/infois.ro\/index.php?rest_route=\/wp\/v2\/posts\/21279\/revisions"}],"predecessor-version":[{"id":21281,"href":"https:\/\/infois.ro\/index.php?rest_route=\/wp\/v2\/posts\/21279\/revisions\/21281"}],"wp:featuredmedia":[{"embeddable":true,"href":"https:\/\/infois.ro\/index.php?rest_route=\/wp\/v2\/media\/21280"}],"wp:attachment":[{"href":"https:\/\/infois.ro\/index.php?rest_route=%2Fwp%2Fv2%2Fmedia&parent=21279"}],"wp:term":[{"taxonomy":"category","embeddable":true,"href":"https:\/\/infois.ro\/index.php?rest_route=%2Fwp%2Fv2%2Fcategories&post=21279"},{"taxonomy":"post_tag","embeddable":true,"href":"https:\/\/infois.ro\/index.php?rest_route=%2Fwp%2Fv2%2Ftags&post=21279"}],"curies":[{"name":"wp","href":"https:\/\/api.w.org\/{rel}","templated":true}]}}