{"id":21285,"date":"2015-12-22T15:41:43","date_gmt":"2015-12-22T13:41:43","guid":{"rendered":"http:\/\/infois.ro\/?p=21285"},"modified":"2015-12-22T15:41:43","modified_gmt":"2015-12-22T13:41:43","slug":"manifestari-dedicate-aniversarii-a-26-de-ani-de-la-revolutia-romana-din-decembrie-1989","status":"publish","type":"post","link":"https:\/\/infois.ro\/?p=21285","title":{"rendered":"Manifest\u0103ri dedicate anivers\u0103rii a 26 de ani de la Revolu\u021bia Rom\u00e2n\u0103 din Decembrie 1989"},"content":{"rendered":"<p style=\"text-align: justify;\"><a href=\"http:\/\/infois.ro\/wp-content\/uploads\/2015\/12\/Ceremonie-Revolutie.jpg\"><img loading=\"lazy\" decoding=\"async\" class=\"alignleft  wp-image-21286\" src=\"http:\/\/infois.ro\/wp-content\/uploads\/2015\/12\/Ceremonie-Revolutie.jpg\" alt=\"Ceremonie Revolutie\" width=\"371\" height=\"247\" srcset=\"https:\/\/infois.ro\/wp-content\/uploads\/2015\/12\/Ceremonie-Revolutie.jpg 640w, https:\/\/infois.ro\/wp-content\/uploads\/2015\/12\/Ceremonie-Revolutie-300x200.jpg 300w\" sizes=\"(max-width: 371px) 100vw, 371px\" \/><\/a><\/p>\n<p style=\"text-align: justify;\">Doar c\u00e2teva zeci de ie\u0219eni, \u00een special rude \u0219i prieteni ai celor care \u0219i-au pierdut via\u021ba sau au fost r\u0103ni\u021bi \u00een urma evenimentelor din Decembrie 1989, au fost prezen\u021bi mar\u021bi, 22 decembrie, la manifest\u0103rile prilejuite de aniversarea a 26 de ani de la Revolu\u021bia Rom\u00e2n\u0103 din Decembrie 1989, desf\u0103\u0219urate la Monumentul Eroilor Revolu\u021biei, din Pia\u021ba Palatului Culturii. Manifest\u0103rile, la care au fost prezen\u021bi reprezentan\u021bii oficialit\u0103\u021bilor locale (subprefectul Bogdan Ab\u0103la\u0219i, vicepre\u0219edintele Consiliului Jude\u021bean Alin Aiv\u0103noaie, primarul Mihai Chirica), al\u0103turi de membrii Asocia\u021biei \u201d14 Decembrie\u201d Ia\u0219i \u0219i de cei ai Asocia\u021biei de Revolu\u021bionari \u201d22 Decembrie 1989\u201d \u2013 filiala Ia\u0219i, au debutat cu intonarea Imnului de Stat al Rom\u00e2niei, urmat\u0103 de un ceremonial religios \u0219i un Te Deum, oficiate de un sobor de preo\u021bi, \u00een frunte cu \u00cePS Teofan, Mitropolitul Moldovei \u0219i Bucovinei, \u0219i de discursurile autorit\u0103\u021bilor locale \u0219i ale reprezentan\u021bilor celor dou\u0103 asocia\u021bii de revolu\u021bionari din Ia\u0219i. \u00cen alocu\u021biunea sa, primarul Mihai Chirica asubliniat faptul c\u0103 semnalul Revolu\u021biei Rom\u00e2ne din Decembrie 1989 a fost tras, mai \u00eent\u00e2i, la Ia\u0219i. \u201dMul\u021bi tineri \u0219i-au dat via\u021ba \u00een Decembrie 1989 pentru ca noi s\u0103 putem s\u0103 ne adun\u0103m ast\u0103zi \u0219i s\u0103 comemor\u0103m Revolu\u021bia Rom\u00e2n\u0103. Trebuie s\u0103 subliniem c\u0103 \u0219i ie\u0219enii s-au jertfit pentru Revolu\u021bia Rom\u00e2n\u0103, la fel de mult ca \u0219i ceilal\u021bi rom\u00e2ni. Pentru ca data de 24 ianuarie s\u0103 devin\u0103 s\u0103rb\u0103toare na\u021bional\u0103 a trebuit s\u0103 treac\u0103 150 de ani. Nu cred c\u0103 trebuie s\u0103 mai treac\u0103 150 de ani ca s\u0103 recunoa\u0219tem c\u0103 Revolu\u021bia Rom\u00e2n\u0103 din Decembrie 1989 a \u00eenceput la Ia\u0219i. 14 decembrie 1989 a adunat ie\u0219enii \u00een Pia\u021ba Unirii, ace\u0219tia strig\u00e2nd \u201dJos comunismul!\u201d. Atunci, la Ia\u0219i s-a scris primul manifest despre Revolu\u021bia Rom\u00e2n\u0103. Cred c\u0103 de aici ar trebui s\u0103 \u00eencepem \u0219i apoi s\u0103 ducem g\u00e2ndul nostru mai departe, mai \u00eent\u00e2i la Timi\u0219oara \u0219i apoi la Bucure\u0219ti. Aceasta este ordinea Revolu\u021biei Rom\u00e2ne din Decembrie 1989!\u201d, a declarat primarul Mihai Chirica. Dup\u0103 discursurile oficialit\u0103\u021bilor a urmat ceremonia depunerii de coroane de flori la Monumentul Eroilor Revolu\u021biei. Au fost depuse coroane de flori din partea Institu\u021biei Prefectului Jude\u021bului Ia\u0219i, Consiliului Jude\u021bean Ia\u0219i, Prim\u0103riei municipiului Ia\u0219i, Garnizoanei Ia\u0219i, Asocia\u021biei \u201d22 Decembriue 1989\u201d Ia\u0219i, Asocia\u021biei \u201d14 Decembrie\u201d Ia\u0219i, precum \u0219i a Organiza\u021biei \u201dCultul Eroilor\u201d Ia\u0219i. Manifest\u0103rile prilejuite de aniversarea a 26 de ani de la Revolu\u021bia Rom\u00e2n\u0103 din Decembrie 1989 s-au \u00eencheiat cu defilarea G\u0103rzii de Onoare.<\/p>\n","protected":false},"excerpt":{"rendered":"<p>Doar c\u00e2teva zeci de ie\u0219eni, \u00een special rude \u0219i prieteni ai celor care \u0219i-au pierdut&#8230; <a class=\"meta-more\" href=\"https:\/\/infois.ro\/?p=21285\">more <span class=\"meta-nav\">&raquo;<\/span><\/a><\/p>\n","protected":false},"author":2,"featured_media":21286,"comment_status":"open","ping_status":"closed","sticky":false,"template":"","format":"standard","meta":{"footnotes":""},"categories":[1,41],"tags":[74,1654,4513,40,3814],"aioseo_notices":[],"_links":{"self":[{"href":"https:\/\/infois.ro\/index.php?rest_route=\/wp\/v2\/posts\/21285"}],"collection":[{"href":"https:\/\/infois.ro\/index.php?rest_route=\/wp\/v2\/posts"}],"about":[{"href":"https:\/\/infois.ro\/index.php?rest_route=\/wp\/v2\/types\/post"}],"author":[{"embeddable":true,"href":"https:\/\/infois.ro\/index.php?rest_route=\/wp\/v2\/users\/2"}],"replies":[{"embeddable":true,"href":"https:\/\/infois.ro\/index.php?rest_route=%2Fwp%2Fv2%2Fcomments&post=21285"}],"version-history":[{"count":1,"href":"https:\/\/infois.ro\/index.php?rest_route=\/wp\/v2\/posts\/21285\/revisions"}],"predecessor-version":[{"id":21287,"href":"https:\/\/infois.ro\/index.php?rest_route=\/wp\/v2\/posts\/21285\/revisions\/21287"}],"wp:featuredmedia":[{"embeddable":true,"href":"https:\/\/infois.ro\/index.php?rest_route=\/wp\/v2\/media\/21286"}],"wp:attachment":[{"href":"https:\/\/infois.ro\/index.php?rest_route=%2Fwp%2Fv2%2Fmedia&parent=21285"}],"wp:term":[{"taxonomy":"category","embeddable":true,"href":"https:\/\/infois.ro\/index.php?rest_route=%2Fwp%2Fv2%2Fcategories&post=21285"},{"taxonomy":"post_tag","embeddable":true,"href":"https:\/\/infois.ro\/index.php?rest_route=%2Fwp%2Fv2%2Ftags&post=21285"}],"curies":[{"name":"wp","href":"https:\/\/api.w.org\/{rel}","templated":true}]}}