{"id":21292,"date":"2015-12-23T13:55:11","date_gmt":"2015-12-23T11:55:11","guid":{"rendered":"http:\/\/infois.ro\/?p=21292"},"modified":"2015-12-23T13:55:11","modified_gmt":"2015-12-23T11:55:11","slug":"angajatii-antibiotice-au-fost-mos-craciun-pentru-34-copii-nevoiasi","status":"publish","type":"post","link":"https:\/\/infois.ro\/?p=21292","title":{"rendered":"Angaja\u0163ii Antibiotice au fost Mo\u015f Cr\u0103ciun pentru 34 copii nevoia\u015fi"},"content":{"rendered":"<p style=\"text-align: justify;\"><a href=\"http:\/\/infois.ro\/wp-content\/uploads\/2015\/12\/antibiotice1.jpg\"><img loading=\"lazy\" decoding=\"async\" class=\"alignleft  wp-image-21293\" src=\"http:\/\/infois.ro\/wp-content\/uploads\/2015\/12\/antibiotice1.jpg\" alt=\"antibiotice\" width=\"355\" height=\"236\" srcset=\"https:\/\/infois.ro\/wp-content\/uploads\/2015\/12\/antibiotice1.jpg 640w, https:\/\/infois.ro\/wp-content\/uploads\/2015\/12\/antibiotice1-300x199.jpg 300w\" sizes=\"(max-width: 355px) 100vw, 355px\" \/><\/a><\/p>\n<p style=\"text-align: justify;\">Ast\u0103zi 23 decembrie, \u00eentr-o atmosfer\u0103 de s\u0103rb\u0103toare, 34 de copii nevoia\u015fi au fost vizita\u0163i de spiridu\u015fii lui Mo\u015f Cr\u0103ciun, chiar la ei acas\u0103, \u00een comuna Sc\u00e2nteia. Funda\u0163ia Antibiotice \u201e\u015etiin\u0163\u0103 \u015fi suflet\u201d a reu\u015fit astfel s\u0103 aduc\u0103 bucurie \u00een sufletele copiilor cu posibilit\u0103\u0163i materiale reduse sau cu probleme de s\u0103n\u0103tate din aceast\u0103 zon\u0103 rural\u0103 pentru care venirea Mo\u015fului este cel mai fericit moment al anului.<\/p>\n<p style=\"text-align: justify;\">Cu ajutorul \u00eenv\u0103\u0163\u0103torilor, educatorilor sau de unii singuri, copiii cu v\u00e2rste \u00eentre 4 \u015fi 11 ani au a\u015fezat pe h\u00e2rtie tot ce-\u015fi doresc s\u0103 primeasc\u0103 de la Mo\u015ful. Scrisorelele lor au ajuns apoi \u00een m\u00e2inile a mai multor angaja\u0163i ai companiei Antibiotice care \u015fi-au asumat cu entuziasm rolul de \u201espiridu\u015fi\u201d ai Mo\u015fului, \u00eendeplinind copiilor \u00eentocmai dorin\u0163ele.<\/p>\n<p style=\"text-align: justify;\">Provenind din medii defavorizate, copiii \u015fi-au dorit lucruri simple: c\u0103r\u0163i cu pove\u015fti, papucei, p\u0103pu\u015fele sau ma\u015finu\u0163e, banane, portocale \u015fi dulciuri, \u00eens\u0103 Mo\u015ful s-a str\u0103duit s\u0103 le ofere mai mult de at\u00e2t. \u00cen cadrul festivit\u0103\u0163ii de azi, 23 decembrie, desf\u0103\u015furate la C\u0103minul Cultural din localitate copiii i-au \u00eembr\u0103\u0163i\u015fat emo\u0163iona\u0163i pe Spiridu\u015fii Mo\u015fului, i-au povestit c\u00e2t de cumin\u0163i l-au a\u015fteptat \u015fi s-au bucurat s\u0103 descopere surpizele din cadourile care le-au \u00eendeplinit dorin\u0163ele.<\/p>\n<p style=\"text-align: justify;\"><em>\u201eEste pentru al treilea an consecutiv c\u00e2nd Funda\u0163ia Antibiotice \u201e\u015etiin\u0163\u0103 \u015fi suflet\u201d organizeaz\u0103 aceast\u0103 campanie care ne-a f\u0103cut s\u0103 ne re\u00eentoarcem cu mintea \u015fi sufletul, \u00een timp, la vremea copil\u0103riei. Colegii no\u015ftri s-au al\u0103turat cu entuziasm demersului Funda\u0163iei \u015fi au reu\u015fit astfel s\u0103 aduc\u0103 un dram de bucurie unor copii pentru care Mo\u015ful poate nu a venit niciodat\u0103 p\u00e2n\u0103 acum<\/em>. <em>Mul\u0163umim colaboratorilor din cadul Direc\u0163iei generale de Asisten\u0163\u0103 Social\u0103 \u015fi Protec\u0163ie a Copilului Ia\u015fi<\/em> \u201d, a declarat Ioana Tode, pre\u015fedinte Funda\u0163ia \u201eAntibiotice-\u015etiin\u0163\u0103 \u015fi Suflet\u201d.<\/p>\n","protected":false},"excerpt":{"rendered":"<p>Ast\u0103zi 23 decembrie, \u00eentr-o atmosfer\u0103 de s\u0103rb\u0103toare, 34 de copii nevoia\u015fi au fost vizita\u0163i de&#8230; <a class=\"meta-more\" href=\"https:\/\/infois.ro\/?p=21292\">more <span class=\"meta-nav\">&raquo;<\/span><\/a><\/p>\n","protected":false},"author":2,"featured_media":21293,"comment_status":"open","ping_status":"closed","sticky":false,"template":"","format":"standard","meta":{"footnotes":""},"categories":[6,41],"tags":[74,279,40,1326,3671],"aioseo_notices":[],"_links":{"self":[{"href":"https:\/\/infois.ro\/index.php?rest_route=\/wp\/v2\/posts\/21292"}],"collection":[{"href":"https:\/\/infois.ro\/index.php?rest_route=\/wp\/v2\/posts"}],"about":[{"href":"https:\/\/infois.ro\/index.php?rest_route=\/wp\/v2\/types\/post"}],"author":[{"embeddable":true,"href":"https:\/\/infois.ro\/index.php?rest_route=\/wp\/v2\/users\/2"}],"replies":[{"embeddable":true,"href":"https:\/\/infois.ro\/index.php?rest_route=%2Fwp%2Fv2%2Fcomments&post=21292"}],"version-history":[{"count":1,"href":"https:\/\/infois.ro\/index.php?rest_route=\/wp\/v2\/posts\/21292\/revisions"}],"predecessor-version":[{"id":21294,"href":"https:\/\/infois.ro\/index.php?rest_route=\/wp\/v2\/posts\/21292\/revisions\/21294"}],"wp:featuredmedia":[{"embeddable":true,"href":"https:\/\/infois.ro\/index.php?rest_route=\/wp\/v2\/media\/21293"}],"wp:attachment":[{"href":"https:\/\/infois.ro\/index.php?rest_route=%2Fwp%2Fv2%2Fmedia&parent=21292"}],"wp:term":[{"taxonomy":"category","embeddable":true,"href":"https:\/\/infois.ro\/index.php?rest_route=%2Fwp%2Fv2%2Fcategories&post=21292"},{"taxonomy":"post_tag","embeddable":true,"href":"https:\/\/infois.ro\/index.php?rest_route=%2Fwp%2Fv2%2Ftags&post=21292"}],"curies":[{"name":"wp","href":"https:\/\/api.w.org\/{rel}","templated":true}]}}