{"id":21328,"date":"2015-12-30T13:30:43","date_gmt":"2015-12-30T11:30:43","guid":{"rendered":"http:\/\/infois.ro\/?p=21328"},"modified":"2015-12-30T13:34:47","modified_gmt":"2015-12-30T11:34:47","slug":"mesajul-de-anul-noul-al-primarului-mihai-chirica","status":"publish","type":"post","link":"https:\/\/infois.ro\/?p=21328","title":{"rendered":"Mesajul de Anul Noul al primarului Mihai Chirica"},"content":{"rendered":"<p><a href=\"http:\/\/infois.ro\/wp-content\/uploads\/2015\/12\/Mihai-Chirica.jpg\"><img loading=\"lazy\" decoding=\"async\" class=\"alignleft  wp-image-21329\" src=\"http:\/\/infois.ro\/wp-content\/uploads\/2015\/12\/Mihai-Chirica.jpg\" alt=\"Mihai Chirica\" width=\"601\" height=\"321\" srcset=\"https:\/\/infois.ro\/wp-content\/uploads\/2015\/12\/Mihai-Chirica.jpg 640w, https:\/\/infois.ro\/wp-content\/uploads\/2015\/12\/Mihai-Chirica-300x160.jpg 300w\" sizes=\"(max-width: 601px) 100vw, 601px\" \/><\/a><\/p>\n<p><span style=\"color: #000000;\"><a style=\"color: #000000;\" title=\"Mesajul de Anul Nou al primarului Mihai Chirica\" href=\"https:\/\/www.youtube.com\/watch?v=Yg9-Ze5-K9o\">\u00cen preajma trecerii \u00een noul an, primarul Mihai Chirica a transmis ie\u015fenilor ur\u0103ri de s\u0103n\u0103tate \u015fi le-a \u00eemp\u0103rt\u0103\u015fit dorin\u0163a de a continua modernizarea administra\u0163iei locale \u015fi de a deschide Prim\u0103ria c\u0103tre comunitate.<\/a><\/span><\/p>\n","protected":false},"excerpt":{"rendered":"<p>\u00cen preajma trecerii \u00een noul an, primarul Mihai Chirica a transmis ie\u015fenilor ur\u0103ri de s\u0103n\u0103tate&#8230; <a class=\"meta-more\" href=\"https:\/\/infois.ro\/?p=21328\">more <span class=\"meta-nav\">&raquo;<\/span><\/a><\/p>\n","protected":false},"author":2,"featured_media":21329,"comment_status":"open","ping_status":"closed","sticky":false,"template":"","format":"standard","meta":{"footnotes":""},"categories":[1,41],"tags":[74,40,5786,477,3630],"aioseo_notices":[],"_links":{"self":[{"href":"https:\/\/infois.ro\/index.php?rest_route=\/wp\/v2\/posts\/21328"}],"collection":[{"href":"https:\/\/infois.ro\/index.php?rest_route=\/wp\/v2\/posts"}],"about":[{"href":"https:\/\/infois.ro\/index.php?rest_route=\/wp\/v2\/types\/post"}],"author":[{"embeddable":true,"href":"https:\/\/infois.ro\/index.php?rest_route=\/wp\/v2\/users\/2"}],"replies":[{"embeddable":true,"href":"https:\/\/infois.ro\/index.php?rest_route=%2Fwp%2Fv2%2Fcomments&post=21328"}],"version-history":[{"count":6,"href":"https:\/\/infois.ro\/index.php?rest_route=\/wp\/v2\/posts\/21328\/revisions"}],"predecessor-version":[{"id":21335,"href":"https:\/\/infois.ro\/index.php?rest_route=\/wp\/v2\/posts\/21328\/revisions\/21335"}],"wp:featuredmedia":[{"embeddable":true,"href":"https:\/\/infois.ro\/index.php?rest_route=\/wp\/v2\/media\/21329"}],"wp:attachment":[{"href":"https:\/\/infois.ro\/index.php?rest_route=%2Fwp%2Fv2%2Fmedia&parent=21328"}],"wp:term":[{"taxonomy":"category","embeddable":true,"href":"https:\/\/infois.ro\/index.php?rest_route=%2Fwp%2Fv2%2Fcategories&post=21328"},{"taxonomy":"post_tag","embeddable":true,"href":"https:\/\/infois.ro\/index.php?rest_route=%2Fwp%2Fv2%2Ftags&post=21328"}],"curies":[{"name":"wp","href":"https:\/\/api.w.org\/{rel}","templated":true}]}}