{"id":2134,"date":"2012-10-09T14:56:12","date_gmt":"2012-10-09T11:56:12","guid":{"rendered":"http:\/\/infois.ro\/?p=2134"},"modified":"2012-10-09T14:56:12","modified_gmt":"2012-10-09T11:56:12","slug":"peste-o-suta-de-jandarmi-vor-asigura-linistea-si-ordinea-publica-in-timpul-sarbatorilor-iasilor-din-acest-an","status":"publish","type":"post","link":"https:\/\/infois.ro\/?p=2134","title":{"rendered":"Peste o sut\u0103 de jandarmi vor asigura lini\u0219tea \u0219i ordinea public\u0103 \u00een timpul \u201dS\u0103rb\u0103torilor Ia\u0219ilor\u201d din acest an"},"content":{"rendered":"<p style=\"text-align: justify;\"><a class=\"highslide\" onclick=\"return vz.expand(this)\" href=\"http:\/\/infois.ro\/wp-content\/uploads\/2012\/10\/jandarmi-de-sarbatori.jpg\"><img loading=\"lazy\" decoding=\"async\" class=\"alignleft size-large wp-image-2135\" title=\"jandarmi de sarbatori\" src=\"http:\/\/infois.ro\/wp-content\/uploads\/cache\/2012\/10\/jandarmi-de-sarbatori\/1102145863.jpg\" alt=\"\" width=\"438\" height=\"316\" \/><\/a>Peste o sut\u0103 de jandarmi vor asigura \u00een acest an lini\u0219tea \u0219i ordinea public\u0103 \u00een timpul manifest\u0103rilor laice \u0219i religiase incluse \u00een cadrul \u201dS\u0103rb\u0103torilor Ia\u0219ilor\u201d. Potrivit c\u0103pitanului Mihai Cojocaru, purt\u0103torul de cuv\u00e2nt al Inspectoratului Jude\u021bean de Jandarmi (IJJ) Ia\u0219i, jandarmii vor asigura m\u0103surile de ordine \u0219i lini\u0219te public\u0103 la concertul de muzic\u0103 dance din fa\u0163a Palatului Culturii, programat duminic\u0103, 14 octombrie, de la ora 18.00, \u00a0la s\u0103rb\u0103torile din cartiere (Nicolina, P\u0103curari, Dacia, T\u0103t\u0103ra\u015fi, Alexandru cel Bun), \u201dS\u0103rb\u0103toarea Vinului\u201d, care va avea loc pe Splai Bahlui, \u201dT\u00e2rgul de Toamn\u0103\u201d, de pe str. Costache Negri, \u201eMe\u015fteri \u015fi me\u015fte\u015fuguri tradi\u0163ionale din Moldova\u201d (str. Al. L\u0103pu\u015fneanu), Parcul de distrac\u0163ii, din str. Sarmisegetusa, precum \u0219i la ceremonia de sfin\u021bire a Bisericii \u201dIntrarea Domnului \u00een Ierusalim\u201d din T\u0103t\u0103ra\u015fi \u2013 Flora, programat pentru s\u00e2mb\u0103t\u0103, 13 octombrie. \u201dPentru rezolvarea diferitelor probleme ale cet\u0103\u0163enilor, pe perioada S\u0103rb\u0103torilor Ia\u0219ilor vor func\u0163iona trei puncte de informare, care vor fi amplasate pe Bulevardul \u0218tefan cel Mare \u0219i Sf\u00e2nt, \u00een Pia\u021ba Palatului Culturii \u0219i la Gar\u0103, unde \u00ee\u015fi vor desf\u0103\u015fura activitatea lucr\u0103tori din cadrul Jandarmeriei, Poli\u0163iei \u015fi Poli\u0163iei Comunitare\u201d, a precizat Mihai Cojocariu. Pe l\u00e2ng\u0103 cei o sut\u0103 de jandarmi, pe \u00eentreaga perioad\u0103 a \u201dS\u0103rb\u0103torilor Ia\u0219ilor\u201d din acest an, \u00een \u201dpiunctele fierbin\u021bi\u201d din ora\u0219 vor mai fi prezen\u021bi circa 200 de poli\u021bi\u0219ti \u0219i poli\u021bi\u0219ti locali, care vor asigura lini\u0219tea \u0219i ordinea public\u0103, at\u00e2t \u00een zona central\u0103 a municipiului, \u00een special \u00een zona Catedralei Mitropolitane, unde vor avea loc principalele manifest\u0103ri prilejuite de Hramul Sfintei Cuvioase Parascheva, Ocrotitoarea Ia\u015filor \u015fi a \u00centregii Moldove, c\u00e2t \u0219i \u00een cartiere.<\/p>\n","protected":false},"excerpt":{"rendered":"<p>Peste o sut\u0103 de jandarmi vor asigura \u00een acest an lini\u0219tea \u0219i ordinea public\u0103 \u00een&#8230; <a class=\"meta-more\" href=\"https:\/\/infois.ro\/?p=2134\">more <span class=\"meta-nav\">&raquo;<\/span><\/a><\/p>\n","protected":false},"author":2,"featured_media":2135,"comment_status":"open","ping_status":"open","sticky":false,"template":"","format":"standard","meta":{"footnotes":""},"categories":[1],"tags":[936,840],"aioseo_notices":[],"_links":{"self":[{"href":"https:\/\/infois.ro\/index.php?rest_route=\/wp\/v2\/posts\/2134"}],"collection":[{"href":"https:\/\/infois.ro\/index.php?rest_route=\/wp\/v2\/posts"}],"about":[{"href":"https:\/\/infois.ro\/index.php?rest_route=\/wp\/v2\/types\/post"}],"author":[{"embeddable":true,"href":"https:\/\/infois.ro\/index.php?rest_route=\/wp\/v2\/users\/2"}],"replies":[{"embeddable":true,"href":"https:\/\/infois.ro\/index.php?rest_route=%2Fwp%2Fv2%2Fcomments&post=2134"}],"version-history":[{"count":1,"href":"https:\/\/infois.ro\/index.php?rest_route=\/wp\/v2\/posts\/2134\/revisions"}],"predecessor-version":[{"id":2136,"href":"https:\/\/infois.ro\/index.php?rest_route=\/wp\/v2\/posts\/2134\/revisions\/2136"}],"wp:featuredmedia":[{"embeddable":true,"href":"https:\/\/infois.ro\/index.php?rest_route=\/wp\/v2\/media\/2135"}],"wp:attachment":[{"href":"https:\/\/infois.ro\/index.php?rest_route=%2Fwp%2Fv2%2Fmedia&parent=2134"}],"wp:term":[{"taxonomy":"category","embeddable":true,"href":"https:\/\/infois.ro\/index.php?rest_route=%2Fwp%2Fv2%2Fcategories&post=2134"},{"taxonomy":"post_tag","embeddable":true,"href":"https:\/\/infois.ro\/index.php?rest_route=%2Fwp%2Fv2%2Ftags&post=2134"}],"curies":[{"name":"wp","href":"https:\/\/api.w.org\/{rel}","templated":true}]}}