{"id":2140,"date":"2012-10-09T15:01:45","date_gmt":"2012-10-09T12:01:45","guid":{"rendered":"http:\/\/infois.ro\/?p=2140"},"modified":"2012-10-09T15:01:45","modified_gmt":"2012-10-09T12:01:45","slug":"in-luna-august-salariul-mediu-brut-in-judetul-iasi-a-fost-mai-mic-decat-in-iulie","status":"publish","type":"post","link":"https:\/\/infois.ro\/?p=2140","title":{"rendered":"\u00cen luna august, salariul mediu brut \u00een jude\u021bul Ia\u0219i a fost mai mic dec\u00e2t \u00een iulie"},"content":{"rendered":"<p style=\"text-align: justify;\"><a class=\"highslide\" onclick=\"return vz.expand(this)\" href=\"http:\/\/infois.ro\/wp-content\/uploads\/2012\/10\/salariu-august.jpg\"><img loading=\"lazy\" decoding=\"async\" class=\"alignnone size-large wp-image-2141\" title=\"salariu august\" src=\"http:\/\/infois.ro\/wp-content\/uploads\/cache\/2012\/10\/salariu-august\/3076936340.jpg\" alt=\"\" width=\"709\" height=\"454\" \/><\/a><\/p>\n<p style=\"text-align: justify;\">Efectivul de salaria\u0163i din jude\u0163ul Ia\u015fi, la data de 31 august 2012 a fost de 146.664 de persoane, \u00een cre\u015ftere cu 558 persoane (+0,4%) fa\u0163\u0103 de luna corespunz\u0103toare din anul 2011, \u015fi cu 44 persoane, comparativ cu luna iulie 2012. Potrivit unui raport al Direc\u021biei Jude\u021bene de Statisitc\u0103 (DJS), \u00een luna august 2012, c\u00e2\u015ftigul salarial mediu nominal brut \u00een jude\u0163ul Ia\u015fi a fost de 1.922 lei (+7,7% fa\u0163\u0103 de luna august 2011), iar cel mediu net de 1.393 lei (+7,6%). Comparativ cu luna iulie 2012 s-a \u00eenregistrat o sc\u0103dere de 1,7% la c\u00e2\u015ftigul brut \u015fi 1,8% la cel net. Fa\u0163\u0103 de media pe \u0163ar\u0103, c\u00e2\u015ftigul salarial mediu net din jude\u0163ul Ia\u015fi, realizat \u00een luna august 2012, a fost mai mic cu 9,2%.\u00a0 Indicele c\u00e2\u015ftigului salarial real pentru luna august 2012 fa\u0163\u0103 de luna august 2011, calculat ca raport \u00eentre indicele c\u00e2\u015ftigului salarial nominal net \u015fi indicele pre\u0163urilor de consum, \u00een jude\u0163ul Ia\u015fi a fost de 103,6%, ceea ce \u00eenseamn\u0103 c\u0103 puterea de cump\u0103rare a salariului a crescut cu 6,0%.<\/p>\n<p style=\"text-align: justify;\">\n","protected":false},"excerpt":{"rendered":"<p>Efectivul de salaria\u0163i din jude\u0163ul Ia\u015fi, la data de 31 august 2012 a fost de&#8230; <a class=\"meta-more\" href=\"https:\/\/infois.ro\/?p=2140\">more <span class=\"meta-nav\">&raquo;<\/span><\/a><\/p>\n","protected":false},"author":2,"featured_media":2141,"comment_status":"open","ping_status":"open","sticky":false,"template":"","format":"standard","meta":{"footnotes":""},"categories":[1],"tags":[],"aioseo_notices":[],"_links":{"self":[{"href":"https:\/\/infois.ro\/index.php?rest_route=\/wp\/v2\/posts\/2140"}],"collection":[{"href":"https:\/\/infois.ro\/index.php?rest_route=\/wp\/v2\/posts"}],"about":[{"href":"https:\/\/infois.ro\/index.php?rest_route=\/wp\/v2\/types\/post"}],"author":[{"embeddable":true,"href":"https:\/\/infois.ro\/index.php?rest_route=\/wp\/v2\/users\/2"}],"replies":[{"embeddable":true,"href":"https:\/\/infois.ro\/index.php?rest_route=%2Fwp%2Fv2%2Fcomments&post=2140"}],"version-history":[{"count":1,"href":"https:\/\/infois.ro\/index.php?rest_route=\/wp\/v2\/posts\/2140\/revisions"}],"predecessor-version":[{"id":2142,"href":"https:\/\/infois.ro\/index.php?rest_route=\/wp\/v2\/posts\/2140\/revisions\/2142"}],"wp:featuredmedia":[{"embeddable":true,"href":"https:\/\/infois.ro\/index.php?rest_route=\/wp\/v2\/media\/2141"}],"wp:attachment":[{"href":"https:\/\/infois.ro\/index.php?rest_route=%2Fwp%2Fv2%2Fmedia&parent=2140"}],"wp:term":[{"taxonomy":"category","embeddable":true,"href":"https:\/\/infois.ro\/index.php?rest_route=%2Fwp%2Fv2%2Fcategories&post=2140"},{"taxonomy":"post_tag","embeddable":true,"href":"https:\/\/infois.ro\/index.php?rest_route=%2Fwp%2Fv2%2Ftags&post=2140"}],"curies":[{"name":"wp","href":"https:\/\/api.w.org\/{rel}","templated":true}]}}