{"id":21490,"date":"2016-01-15T10:06:42","date_gmt":"2016-01-15T08:06:42","guid":{"rendered":"http:\/\/infois.ro\/?p=21490"},"modified":"2016-01-15T10:06:42","modified_gmt":"2016-01-15T08:06:42","slug":"masuri-importante-luate-de-primarie-privind-descongestionarea-traficului-auto-din-intersectii","status":"publish","type":"post","link":"https:\/\/infois.ro\/?p=21490","title":{"rendered":"M\u0103suri importante luate de Prim\u0103rie privind descongestionarea traficului auto din intersec\u021bii"},"content":{"rendered":"<p style=\"text-align: justify;\"><a href=\"http:\/\/infois.ro\/wp-content\/uploads\/2016\/01\/trafic.jpg\"><img loading=\"lazy\" decoding=\"async\" class=\"alignleft  wp-image-21491\" src=\"http:\/\/infois.ro\/wp-content\/uploads\/2016\/01\/trafic.jpg\" alt=\"trafic\" width=\"414\" height=\"259\" srcset=\"https:\/\/infois.ro\/wp-content\/uploads\/2016\/01\/trafic.jpg 640w, https:\/\/infois.ro\/wp-content\/uploads\/2016\/01\/trafic-300x187.jpg 300w\" sizes=\"(max-width: 414px) 100vw, 414px\" \/><\/a><\/p>\n<p style=\"text-align: justify;\">\u00cencep\u00e2nd de vineri, 15 ianuarie, la Ia\u0219i intr\u0103 \u00een vigoare o serie de m\u0103suri menite s\u0103 conduc\u0103 la descongestionarea traficului auto \u00een mai multe intersec\u021bii din municipiu. M\u0103surile au fost aprobate \u00een cadrul \u0219edin\u021bei din aceast\u0103 s\u0103pt\u0103m\u00e2n\u0103 a Comisiei municipale de circula\u021bie, ele av\u00e2nd la baz\u0103 nemul\u021bumirile exprimate \u00een ultimul timp de conduc\u0103torii auto, care s-au pl\u00e2ns \u00een sesiz\u0103rile \u00eenaintate \u00een ultimul timp de ace\u0219tia pe adresa Prim\u0103riei de disfunc\u021bionalit\u0103\u021bi majore \u00een func\u021bionarea semafoarelor din principalele intersec\u021bii din ora\u0219. Astfel, dup\u0103 cum a anun\u021bat primarul Mihai Chirica, \u00eentr-o conferin\u021b\u0103 de pres\u0103, desf\u0103\u0219urat\u0103 la Palatul Roznovanu, municipalitatea va aplica m\u0103suri de descongestionare a traficului \u00een zona intersec\u0163iei Pasajul Octav B\u0103ncil\u0103 &#8211; str. P\u0103curari, prin adaptarea timpilor de semaforizare. Modific\u0103rile vor fi testate \u00een acest weekend, urm\u00e2nd ca \u00eencep\u00e2nd de luni, 18 ianuarie, intersec\u0163ia s\u0103 func\u0163ioneze dup\u0103 noii parametri. \u201dExist\u0103 o solicitare foarte mare, \u00een special dup\u0103 ora 8.00, pentru virarea spre st\u00e2nga dinspre zona central\u0103 c\u0103tre zona Alexandru cel Bun &#8211; Dacia, iar acest lucru se petrecea \u00eentr-o intersec\u0163ie semaforizat\u0103 \u00een doi timpi, \u00een care virajul spre Dacia se f\u0103cea \u00eentr-un interval de doar 10 secunde, perioad\u0103 \u00een care nu treceau mai mult de patru, cinci autoturisme. Practic, \u00eentr-un ciclu total al intersec\u0163iei, de circa 110 secunde, se adunau maxim zece autoturisme, toate cu solicitarea de a face viraj spre st\u00e2nga, dinspre P\u0103curari &#8211; Centru\u201d, a precizat edilul. Conform analizelor f\u0103cute de membrii Comisiei municipal de circula\u021bie a reie\u015fit c\u0103 prioritar\u0103 este circula\u0163ia dinspre P\u0103curari c\u0103tre Centru, cu cel mai mare angajament de trafic. O parte din ma\u015fini, \u00een propor\u0163ie de circa 10%, fac \u015fi virajul spre dreapta, pe Pasaj. Prioritar\u0103 este \u015fi circula\u0163ia dinspre Centru spre P\u0103curari, dar un num\u0103r mai mare de ma\u015fini fac viraj de st\u00e2nga, spre Dacia, dec\u00e2t ma\u015finile care inten\u0163ioneaz\u0103 s\u0103 fac\u0103 viraj de dreapta, dinspre P\u0103curari c\u0103tre Dacia. \u201dPrin urmare, am decis s\u0103 facem o intersec\u0163ie \u00een trei timpi. Astfel, timpul principal va fi cel pe direc\u0163ia dinspre P\u0103curari spre Centru, cu posibilitate de viraj spre dreapta, spre zona Dacia, dar f\u0103r\u0103 verde intermitent, pentru c\u0103 face un blocaj interminabil asupra ma\u015finilor care se aliniaz\u0103 \u015fi vor s\u0103 fac\u0103 dreapta. Acest timp va fi de minim 50 de secunde, la care se adaug\u0103 \u0219ase secunde de galben necesare degaj\u0103rii intersec\u0163iei. Timpul doi, cel care creeaz\u0103 fluxul de circula\u0163ie dinspre Dacia c\u0103tre P\u0103curari, cu o durat\u0103 ini\u0163ial\u0103 de 32 de secunde, care l\u0103sa \u0219apte secunde neocupate de cerere de ma\u015fini, va fi diminuat la 25 de secunde, plus 6 secunde de galben. Noutatea va fi durata timpului trei, care define\u015fte virajul de st\u00e2nga dinspre Centru c\u0103tre Alexandru cel Bun &#8211; Dacia, durat\u0103 ce va fi stabilit\u0103 la 25 de secunde, plus \u0219ase secunde de galben. Pentru cei care vin dinspre P\u0103curari \u2013 Centru spre P\u0103curari cap\u0103t, pe prima band\u0103, \u00een dreptul trecerii de pietoni avem un semafor suplimentar care creeaz\u0103 culoarea verde pentru pietoni la comand\u0103. Astfel, pietonii vor putea traversa intersec\u0163ia \u00een 22 de secunde, dar doar dup\u0103 ce \u00eentreaga intersec\u0163ie \u00ee\u015fi \u00eencheie ciclul de cel pu\u0163in 75 de secunde. Pentru a proteja autovehiculele care vor circula pe prima band\u0103 cu verde intermitent vor fi montate limitatoare de band\u0103 pe dunga continu\u0103. Cred c\u0103 \u00een felul acesta vom reu\u015fi s\u0103 facem intersec\u0163ia mult mai func\u0163ional\u0103\u201d, a declarat primarul. De asemenea, a mai spus acesta, vor fi f\u0103cute modific\u0103ri \u015fi \u00een timpii de semaforizare ai intersec\u0163iei str. Petru Poni &#8211; \u0219os. P\u0103curari &#8211; str. Niciman, \u00een a\u015fa fel \u00eenc\u00e2t fluxul de circula\u0163ie dinspre Centru spre cap\u0103tul P\u0103curariului s\u0103 se desf\u0103\u015foare \u00een condi\u0163ii optime.<\/p>\n","protected":false},"excerpt":{"rendered":"<p>\u00cencep\u00e2nd de vineri, 15 ianuarie, la Ia\u0219i intr\u0103 \u00een vigoare o serie de m\u0103suri menite&#8230; <a class=\"meta-more\" href=\"https:\/\/infois.ro\/?p=21490\">more <span class=\"meta-nav\">&raquo;<\/span><\/a><\/p>\n","protected":false},"author":2,"featured_media":21491,"comment_status":"open","ping_status":"closed","sticky":false,"template":"","format":"standard","meta":{"footnotes":""},"categories":[1,41],"tags":[74,40,7845,477,4229,2478],"aioseo_notices":[],"_links":{"self":[{"href":"https:\/\/infois.ro\/index.php?rest_route=\/wp\/v2\/posts\/21490"}],"collection":[{"href":"https:\/\/infois.ro\/index.php?rest_route=\/wp\/v2\/posts"}],"about":[{"href":"https:\/\/infois.ro\/index.php?rest_route=\/wp\/v2\/types\/post"}],"author":[{"embeddable":true,"href":"https:\/\/infois.ro\/index.php?rest_route=\/wp\/v2\/users\/2"}],"replies":[{"embeddable":true,"href":"https:\/\/infois.ro\/index.php?rest_route=%2Fwp%2Fv2%2Fcomments&post=21490"}],"version-history":[{"count":1,"href":"https:\/\/infois.ro\/index.php?rest_route=\/wp\/v2\/posts\/21490\/revisions"}],"predecessor-version":[{"id":21492,"href":"https:\/\/infois.ro\/index.php?rest_route=\/wp\/v2\/posts\/21490\/revisions\/21492"}],"wp:featuredmedia":[{"embeddable":true,"href":"https:\/\/infois.ro\/index.php?rest_route=\/wp\/v2\/media\/21491"}],"wp:attachment":[{"href":"https:\/\/infois.ro\/index.php?rest_route=%2Fwp%2Fv2%2Fmedia&parent=21490"}],"wp:term":[{"taxonomy":"category","embeddable":true,"href":"https:\/\/infois.ro\/index.php?rest_route=%2Fwp%2Fv2%2Fcategories&post=21490"},{"taxonomy":"post_tag","embeddable":true,"href":"https:\/\/infois.ro\/index.php?rest_route=%2Fwp%2Fv2%2Ftags&post=21490"}],"curies":[{"name":"wp","href":"https:\/\/api.w.org\/{rel}","templated":true}]}}