{"id":21493,"date":"2016-01-15T15:21:55","date_gmt":"2016-01-15T13:21:55","guid":{"rendered":"http:\/\/infois.ro\/?p=21493"},"modified":"2016-01-15T15:21:55","modified_gmt":"2016-01-15T13:21:55","slug":"modificarile-efectuate-la-timpii-de-semaforizare-ai-intersectiei-pasaj-octav-bancila-str-pacurari-primite-pozitiv-de-catre-soferi","status":"publish","type":"post","link":"https:\/\/infois.ro\/?p=21493","title":{"rendered":"Modific\u0103rile efectuate la timpii de semaforizare ai intersec\u0163iei Pasaj \u201dOctav B\u0103ncil\u0103\u201d \u2013 str. P\u0103curari, primite pozitiv de c\u0103tre \u015foferi"},"content":{"rendered":"<p style=\"text-align: justify;\"><a href=\"http:\/\/infois.ro\/wp-content\/uploads\/2016\/01\/trafic1.jpg\"><img loading=\"lazy\" decoding=\"async\" class=\"alignleft  wp-image-21494\" src=\"http:\/\/infois.ro\/wp-content\/uploads\/2016\/01\/trafic1.jpg\" alt=\"trafic\" width=\"334\" height=\"222\" srcset=\"https:\/\/infois.ro\/wp-content\/uploads\/2016\/01\/trafic1.jpg 640w, https:\/\/infois.ro\/wp-content\/uploads\/2016\/01\/trafic1-300x199.jpg 300w\" sizes=\"(max-width: 334px) 100vw, 334px\" \/><\/a><\/p>\n<p style=\"text-align: justify;\">M\u0103surile de descongestionare a traficului auto \u00een zona intersec\u0163iei dintre Pasajul \u201dOctav B\u0103ncil\u0103\u201d \u0219i strada P\u0103curari, prin adaptarea timpilor de semaforizare, puse \u00een aplicare \u00eencep\u00e2nd de vineri, 15 ianuarie, la propunerea Comisiei de circula\u021bie a municipiului \u0219i anun\u021bate de primarul interimar Mihai Chirica \u00een cadrul unei conferin\u021be de pres\u0103 organizat\u0103 la Palatul Roznovanu, \u015fi-au dovedit pe deplin eficien\u0163a. De\u015fi, ini\u0163ial, modific\u0103rile urmau a fi testate la acest sf\u00e2r\u0219it de s\u0103pt\u0103m\u00e2n\u0103, intersec\u0163ia func\u0163ioneaz\u0103 cu succes chiar \u00eencep\u00e2nd de vineri, 15 ianuarie, c\u00e2nd primarul Mihai Chirica a verificat personal modul \u00een care se desf\u0103\u015foar\u0103 traficul \u00een urma cre\u0103rii intersec\u0163iei \u00een trei timpi. Conform modific\u0103rilor aplicate de ast\u0103zi (vineri, 15 ianuarie \u2013 n.r.), prioritar\u0103 a devenit circula\u0163ia dinspre P\u0103curari c\u0103tre Centru, fiind traseul cu cel mai mare angajament de trafic. Prioritar\u0103 este \u015fi circula\u0163ia dinspre Centru spre P\u0103curari, pentru c\u0103 num\u0103rul ma\u015finilor care fac viraj de st\u00e2nga, spre Dacia, este mai mare dec\u00e2t al celor care fac viraj de dreapta, dinspre P\u0103curari c\u0103tre Dacia. \u201dTimpul principal va fi cel pe direc\u0163ia dinspre P\u0103curari spre Centru, cu posibilitate de viraj spre dreapta, spre zona Dacia, dar f\u0103r\u0103 verde intermitent, pentru c\u0103 face un blocaj interminabil asupra ma\u015finilor care se aliniaz\u0103 \u015fi vor s\u0103 fac\u0103 dreapta. Acest timp va fi de minim 50 de secunde, la care se adaug\u0103 \u0219ase secunde de galben necesare degaj\u0103rii intersec\u0163iei. Timpul doi, cel care creeaz\u0103 fluxul de circula\u0163ie dinspre Dacia c\u0103tre P\u0103curari, cu o durat\u0103 ini\u0163ial\u0103 de 32 de secunde, care l\u0103sa \u0219apte secunde neocupate de cerere de ma\u015fini, va fi diminuat la 25 de secunde, plus \u0219ase secunde de galben. Noutatea va fi durata timpului trei, care define\u015fte virajul de st\u00e2nga dinspre Centru c\u0103tre Alexandru cel Bun &#8211; Dacia, durat\u0103 ce va fi stabilit\u0103 la 25 de secunde, plus \u0219ase secunde de galben.\u00a0Pentru cei care vin dinspre P\u0103curari &#8211; Centru spre cap\u0103t P\u0103curari, pe prima band\u0103, \u00een dreptul trecerii de pietoni avem un semafor suplimentar care creeaz\u0103 culoarea verde pentru pietoni la comand\u0103. Astfel, pietonii vor putea traversa intersec\u0163ia \u00een 22 de secunde, dar doar dup\u0103 ce \u00eentreaga intersec\u0163ie \u00ee\u015fi \u00eencheie ciclul de cel pu\u0163in 75 de secunde. Pentru a proteja autovehiculele care vor circula pe prima band\u0103 cu verde intermitent vor fi montate limitatoare de band\u0103 pe dunga continu\u0103\u201d, a explicat primarul Mihai Chirica. Potrivit acestuia, \u00een perioada urm\u0103toare vor fi f\u0103cute modific\u0103ri \u015fi \u00een timpii de semaforizare ai intersec\u0163iei str. Petru Poni &#8211; \u0219os. P\u0103curari &#8211; str. Niciman, astfel \u00eenc\u00e2t fluxul de circula\u0163ie dinspre Centru spre cap\u0103tul P\u0103curariului s\u0103 se desf\u0103\u015foare \u00een cele mai bune condi\u021bii.<\/p>\n<p style=\"text-align: justify;\">\n","protected":false},"excerpt":{"rendered":"<p>M\u0103surile de descongestionare a traficului auto \u00een zona intersec\u0163iei dintre Pasajul \u201dOctav B\u0103ncil\u0103\u201d \u0219i strada&#8230; <a class=\"meta-more\" href=\"https:\/\/infois.ro\/?p=21493\">more <span class=\"meta-nav\">&raquo;<\/span><\/a><\/p>\n","protected":false},"author":2,"featured_media":21494,"comment_status":"open","ping_status":"closed","sticky":false,"template":"","format":"standard","meta":{"footnotes":""},"categories":[1,41],"tags":[74,40,296,4229,2478],"aioseo_notices":[],"_links":{"self":[{"href":"https:\/\/infois.ro\/index.php?rest_route=\/wp\/v2\/posts\/21493"}],"collection":[{"href":"https:\/\/infois.ro\/index.php?rest_route=\/wp\/v2\/posts"}],"about":[{"href":"https:\/\/infois.ro\/index.php?rest_route=\/wp\/v2\/types\/post"}],"author":[{"embeddable":true,"href":"https:\/\/infois.ro\/index.php?rest_route=\/wp\/v2\/users\/2"}],"replies":[{"embeddable":true,"href":"https:\/\/infois.ro\/index.php?rest_route=%2Fwp%2Fv2%2Fcomments&post=21493"}],"version-history":[{"count":1,"href":"https:\/\/infois.ro\/index.php?rest_route=\/wp\/v2\/posts\/21493\/revisions"}],"predecessor-version":[{"id":21495,"href":"https:\/\/infois.ro\/index.php?rest_route=\/wp\/v2\/posts\/21493\/revisions\/21495"}],"wp:featuredmedia":[{"embeddable":true,"href":"https:\/\/infois.ro\/index.php?rest_route=\/wp\/v2\/media\/21494"}],"wp:attachment":[{"href":"https:\/\/infois.ro\/index.php?rest_route=%2Fwp%2Fv2%2Fmedia&parent=21493"}],"wp:term":[{"taxonomy":"category","embeddable":true,"href":"https:\/\/infois.ro\/index.php?rest_route=%2Fwp%2Fv2%2Fcategories&post=21493"},{"taxonomy":"post_tag","embeddable":true,"href":"https:\/\/infois.ro\/index.php?rest_route=%2Fwp%2Fv2%2Ftags&post=21493"}],"curies":[{"name":"wp","href":"https:\/\/api.w.org\/{rel}","templated":true}]}}