{"id":21584,"date":"2016-01-21T09:46:59","date_gmt":"2016-01-21T07:46:59","guid":{"rendered":"http:\/\/infois.ro\/?p=21584"},"modified":"2016-01-21T09:50:01","modified_gmt":"2016-01-21T07:50:01","slug":"primaria-extinde-iluminatul-public-in-cartierul-gradinari","status":"publish","type":"post","link":"https:\/\/infois.ro\/?p=21584","title":{"rendered":"Prim\u0103ria extinde iluminatul public \u00een cartierul Gr\u0103dinari"},"content":{"rendered":"<p style=\"text-align: justify;\"><a href=\"http:\/\/infois.ro\/wp-content\/uploads\/2016\/01\/iluminat-in-gradinari.jpg\"><img loading=\"lazy\" decoding=\"async\" class=\"alignleft  wp-image-21590\" src=\"http:\/\/infois.ro\/wp-content\/uploads\/2016\/01\/iluminat-in-gradinari.jpg\" alt=\"iluminat in gradinari\" width=\"321\" height=\"219\" srcset=\"https:\/\/infois.ro\/wp-content\/uploads\/2016\/01\/iluminat-in-gradinari.jpg 640w, https:\/\/infois.ro\/wp-content\/uploads\/2016\/01\/iluminat-in-gradinari-300x204.jpg 300w\" sizes=\"(max-width: 321px) 100vw, 321px\" \/><\/a><\/p>\n<p style=\"text-align: justify;\">Locuitorii cartierului Gr\u0103dinari vor beneficia, \u00eencep\u00e2nd din acest an, de iluminat public pe str\u0103zi \u0219i alei, dup\u0103 ce, \u00een cursul acestei s\u0103pt\u0103m\u00e2ni, municipalitatea ie\u0219ean\u0103 a semnat cu firma SC Electroaxa SRL din Suceava contractul de extindere a iluminatului public \u00een zon\u0103. Anun\u021bul a fost f\u0103cut de primarul Mihai Chirica, miercuri, 20 ianuarie, \u00eentr-o conferin\u021b\u0103 de pres\u0103 care a avut loc la Palatul Roznovanu. \u201dAm semnat contractul privind modernizarea zonei Gr\u0103dinari, acolo unde sunt locuin\u021bele sociale \u0219i blocurile ANL. Era o problem\u0103 care dura de mai mult\u0103 vreme. Valoarea total\u0103 a lucr\u0103rilor se ridic\u0103 la circa 386.000 de lei. Acestea vor asigura confortul \u0219i siguran\u021ba pe timpul nop\u021bii pentru popula\u021bia din zon\u0103\u201d, a declarat edilul, care a precizat c\u0103 lucr\u0103rile vor demara imediat dup\u0103 sezonul rece \u0219i se vor finaliza \u00een maximum trei luni.<\/p>\n","protected":false},"excerpt":{"rendered":"<p>Locuitorii cartierului Gr\u0103dinari vor beneficia, \u00eencep\u00e2nd din acest an, de iluminat public pe str\u0103zi \u0219i&#8230; <a class=\"meta-more\" href=\"https:\/\/infois.ro\/?p=21584\">more <span class=\"meta-nav\">&raquo;<\/span><\/a><\/p>\n","protected":false},"author":2,"featured_media":21590,"comment_status":"open","ping_status":"closed","sticky":false,"template":"","format":"standard","meta":{"footnotes":""},"categories":[1,41],"tags":[74,3905,40,327,477],"aioseo_notices":[],"_links":{"self":[{"href":"https:\/\/infois.ro\/index.php?rest_route=\/wp\/v2\/posts\/21584"}],"collection":[{"href":"https:\/\/infois.ro\/index.php?rest_route=\/wp\/v2\/posts"}],"about":[{"href":"https:\/\/infois.ro\/index.php?rest_route=\/wp\/v2\/types\/post"}],"author":[{"embeddable":true,"href":"https:\/\/infois.ro\/index.php?rest_route=\/wp\/v2\/users\/2"}],"replies":[{"embeddable":true,"href":"https:\/\/infois.ro\/index.php?rest_route=%2Fwp%2Fv2%2Fcomments&post=21584"}],"version-history":[{"count":3,"href":"https:\/\/infois.ro\/index.php?rest_route=\/wp\/v2\/posts\/21584\/revisions"}],"predecessor-version":[{"id":21591,"href":"https:\/\/infois.ro\/index.php?rest_route=\/wp\/v2\/posts\/21584\/revisions\/21591"}],"wp:featuredmedia":[{"embeddable":true,"href":"https:\/\/infois.ro\/index.php?rest_route=\/wp\/v2\/media\/21590"}],"wp:attachment":[{"href":"https:\/\/infois.ro\/index.php?rest_route=%2Fwp%2Fv2%2Fmedia&parent=21584"}],"wp:term":[{"taxonomy":"category","embeddable":true,"href":"https:\/\/infois.ro\/index.php?rest_route=%2Fwp%2Fv2%2Fcategories&post=21584"},{"taxonomy":"post_tag","embeddable":true,"href":"https:\/\/infois.ro\/index.php?rest_route=%2Fwp%2Fv2%2Ftags&post=21584"}],"curies":[{"name":"wp","href":"https:\/\/api.w.org\/{rel}","templated":true}]}}