{"id":21607,"date":"2016-01-22T11:05:44","date_gmt":"2016-01-22T09:05:44","guid":{"rendered":"http:\/\/infois.ro\/?p=21607"},"modified":"2016-01-22T11:05:44","modified_gmt":"2016-01-22T09:05:44","slug":"doar-71-dintre-cele-98-de-primarii-din-judet-au-aprobat-regulamentul-de-salubritate","status":"publish","type":"post","link":"https:\/\/infois.ro\/?p=21607","title":{"rendered":"Doar 71 dintre cele 98 de prim\u0103rii din jude\u021b au aprobat regulamentul de salubritate"},"content":{"rendered":"<p style=\"text-align: justify;\"><a href=\"http:\/\/infois.ro\/wp-content\/uploads\/2016\/01\/gunoi.jpg\"><img loading=\"lazy\" decoding=\"async\" class=\"alignleft  wp-image-21608\" src=\"http:\/\/infois.ro\/wp-content\/uploads\/2016\/01\/gunoi.jpg\" alt=\"gunoi\" width=\"329\" height=\"206\" srcset=\"https:\/\/infois.ro\/wp-content\/uploads\/2016\/01\/gunoi.jpg 640w, https:\/\/infois.ro\/wp-content\/uploads\/2016\/01\/gunoi-300x187.jpg 300w\" sizes=\"(max-width: 329px) 100vw, 329px\" \/><\/a><\/p>\n<p style=\"text-align: justify;\">Joi, 21 ianuarie 2016, la sediul Consiliului Jude\u021bean (CJ) Ia\u0219i a avut loc prima \u00eent\u00e2lnire din acest an a Consiliului Director al Asocia\u0163iei de Dezvoltare Intercomunitar\u0103 pentru Salubritate Ia\u015fi (ADIS). \u00cen cadrul \u00eentalnirii a fost prezentat raportul financiar \u015fi de activitate pentru anul 2015 al asocia\u021biei \u015fi s-au stabilit principalele obiective pentru anul \u00een curs. \u201dPrin obiectivele sale, ADIS va trebui, \u015fi \u00een acest an, s\u0103 aib\u0103 \u00een vedere organizarea, reglementarea, exploatarea, monitorizarea \u015fi gestionarea \u00een comun a serviciului de salubrizare pe raza de competen\u0163\u0103 a unit\u0103\u0163ilor administrativ-teritoriale membre, precum \u015fi realizarea \u00een comun a unor proiecte de investi\u0163ii publice de interes zonal sau regional, destinate moderniz\u0103rii \u015fi\/sau dezvolt\u0103rii, dup\u0103 caz, a sistemelor de utilit\u0103\u0163i publice aferente serviciului de salubrizare, pe baza strategiei de dezvoltare\u201d, a declarat Victorel Lupu, pre\u0219edintele interimar al CJ Ia\u0219i. Potrivit acestuia, \u00een prezent, 71 din cele 98 de prim\u0103rii din jude\u0163 au aprobat prin hot\u0103r\u00e2ri ale consiliilor locale respective Regulamentul de Salubritate aferent SMID, restul unit\u0103\u0163ilor administrative urm\u00e2nd s\u0103 fac\u0103 acest lucru p\u00e2n\u0103 la sf\u00e2r\u015fitul lunii ianuarie.<\/p>\n","protected":false},"excerpt":{"rendered":"<p>Joi, 21 ianuarie 2016, la sediul Consiliului Jude\u021bean (CJ) Ia\u0219i a avut loc prima \u00eent\u00e2lnire&#8230; <a class=\"meta-more\" href=\"https:\/\/infois.ro\/?p=21607\">more <span class=\"meta-nav\">&raquo;<\/span><\/a><\/p>\n","protected":false},"author":2,"featured_media":21608,"comment_status":"open","ping_status":"closed","sticky":false,"template":"","format":"standard","meta":{"footnotes":""},"categories":[1,41],"tags":[74,40,3659,5657,7867],"aioseo_notices":[],"_links":{"self":[{"href":"https:\/\/infois.ro\/index.php?rest_route=\/wp\/v2\/posts\/21607"}],"collection":[{"href":"https:\/\/infois.ro\/index.php?rest_route=\/wp\/v2\/posts"}],"about":[{"href":"https:\/\/infois.ro\/index.php?rest_route=\/wp\/v2\/types\/post"}],"author":[{"embeddable":true,"href":"https:\/\/infois.ro\/index.php?rest_route=\/wp\/v2\/users\/2"}],"replies":[{"embeddable":true,"href":"https:\/\/infois.ro\/index.php?rest_route=%2Fwp%2Fv2%2Fcomments&post=21607"}],"version-history":[{"count":1,"href":"https:\/\/infois.ro\/index.php?rest_route=\/wp\/v2\/posts\/21607\/revisions"}],"predecessor-version":[{"id":21609,"href":"https:\/\/infois.ro\/index.php?rest_route=\/wp\/v2\/posts\/21607\/revisions\/21609"}],"wp:featuredmedia":[{"embeddable":true,"href":"https:\/\/infois.ro\/index.php?rest_route=\/wp\/v2\/media\/21608"}],"wp:attachment":[{"href":"https:\/\/infois.ro\/index.php?rest_route=%2Fwp%2Fv2%2Fmedia&parent=21607"}],"wp:term":[{"taxonomy":"category","embeddable":true,"href":"https:\/\/infois.ro\/index.php?rest_route=%2Fwp%2Fv2%2Fcategories&post=21607"},{"taxonomy":"post_tag","embeddable":true,"href":"https:\/\/infois.ro\/index.php?rest_route=%2Fwp%2Fv2%2Ftags&post=21607"}],"curies":[{"name":"wp","href":"https:\/\/api.w.org\/{rel}","templated":true}]}}