{"id":2162,"date":"2012-10-09T15:40:28","date_gmt":"2012-10-09T12:40:28","guid":{"rendered":"http:\/\/infois.ro\/?p=2162"},"modified":"2012-10-09T15:40:28","modified_gmt":"2012-10-09T12:40:28","slug":"programul-sarbatorilor-iasilor-miercuri-10-octombrie-2012","status":"publish","type":"post","link":"https:\/\/infois.ro\/?p=2162","title":{"rendered":"Programul \u201dS\u0103rb\u0103torilor Ia\u0219ilor\u201d &#8211; miercuri, 10 octombrie 2012"},"content":{"rendered":"<p style=\"text-align: justify;\"><a class=\"highslide\" onclick=\"return vz.expand(this)\" href=\"http:\/\/infois.ro\/wp-content\/uploads\/2012\/10\/Sarbatorile-Iasilor1.jpg\"><img loading=\"lazy\" decoding=\"async\" class=\"alignleft size-full wp-image-2163\" title=\"Sarbatorile Iasilor\" src=\"http:\/\/infois.ro\/wp-content\/uploads\/2012\/10\/Sarbatorile-Iasilor1.jpg\" alt=\"\" width=\"560\" height=\"393\" srcset=\"https:\/\/infois.ro\/wp-content\/uploads\/2012\/10\/Sarbatorile-Iasilor1.jpg 560w, https:\/\/infois.ro\/wp-content\/uploads\/2012\/10\/Sarbatorile-Iasilor1-300x210.jpg 300w\" sizes=\"(max-width: 560px) 100vw, 560px\" \/><\/a>Programul manifest\u0103rilor incluse \u00een S\u0103rb\u0103torile Ia\u0219ilor, miercuri, 10 octombrie 2012<\/p>\n<p style=\"text-align: justify;\"><strong>Ora 10.00- 22.00 &#8211; Iulius Mall<\/strong><\/p>\n<p style=\"text-align: justify;\">\u201eS\u0103rb\u0103torile Ia\u015fului prin ochi de copil\u201d &#8211; expozi\u0163ie cu lucr\u0103ri ale pre\u015fcolarilor din gr\u0103dini\u0163ile jude\u0163ul Ia\u015fi<\/p>\n<p style=\"text-align: justify;\">Organizator: Gr\u0103dini\u0163a cu Program Prelungit 16 din cadrul \u015fcolii \u201eAl. cel Bun\u201dIa\u015fi.<\/p>\n<p style=\"text-align: justify;\">Parteneri: Iulius Mall, gr\u0103dini\u0163e din jud. Ia\u015fi<\/p>\n<ul style=\"text-align: justify;\">\n<li><strong>Ora 17.00 &#8211; Muzeul \u201eM. Kog\u0103lniceanu\u201d<\/strong><\/li>\n<\/ul>\n<p style=\"text-align: justify;\">\u201eActualitatea istoriei \u00een via\u0163a cet\u0103\u0163ii\u201d &#8211; dezbatere istoriografic\u0103 cu invita\u0163i de marc\u0103<\/p>\n<p style=\"text-align: justify;\">Organizator: Asocia\u0163ia Profesorilor de Istorie Ia\u015fi. Parteneri: Complexul Muzeal Moldova, Univ. Al. I. Cuza, Institutul de Istorie<\/p>\n<ul style=\"text-align: justify;\">\n<li><strong>Ora 17.30 &#8211; Galeriile \u201ePod \u2013 Pogor\u201d<\/strong><\/li>\n<\/ul>\n<p style=\"text-align: justify;\">Lansare de carte: \u201eEreziile de la Ia\u015fi\u201d de Ion M\u00e2nzatu. Prezint\u0103: Liviu Antonesei<\/p>\n<p style=\"text-align: justify;\">Organizator: Muzeul Literaturii Rom\u00e2ne Ia\u015fi. Partener: Editura Junimea Ia\u015fi.<\/p>\n<ul style=\"text-align: justify;\">\n<li><strong>Ora 18.00 &#8211; 20.00 &#8211; cartier Alexandru cel Bun<\/strong><\/li>\n<\/ul>\n<p style=\"text-align: justify;\">Concert de muzica militar\u0103 a Garnizoanei Ia\u015fi<\/p>\n<p style=\"text-align: justify;\">Organizator: Garnizoana Ia\u015fi<\/p>\n<p style=\"text-align: justify;\"><strong>Teatrul Na\u0163ional \u201eVasile Alecsandri\u201d Ia\u015fi<\/strong><\/p>\n<p style=\"text-align: justify;\">Gala de deschidere a s\u0103lii mari a Teatrului Na\u0163ional &#8211; interpreteaz\u0103 soli\u015ftii, Corul, Corul de copii Juniorii Operei \u015fi Orchestra Operei Na\u0163ionale Rom\u00e2ne Ia\u015fi<\/p>\n<p style=\"text-align: justify;\">Organizator: Opera Na\u0163ional\u0103 Rom\u00e2n\u0103 Ia\u015fi<\/p>\n","protected":false},"excerpt":{"rendered":"<p>Programul manifest\u0103rilor incluse \u00een S\u0103rb\u0103torile Ia\u0219ilor, miercuri, 10 octombrie 2012 Ora 10.00- 22.00 &#8211; Iulius&#8230; <a class=\"meta-more\" href=\"https:\/\/infois.ro\/?p=2162\">more <span class=\"meta-nav\">&raquo;<\/span><\/a><\/p>\n","protected":false},"author":2,"featured_media":2163,"comment_status":"open","ping_status":"open","sticky":false,"template":"","format":"standard","meta":{"footnotes":""},"categories":[1,41],"tags":[74,840],"aioseo_notices":[],"_links":{"self":[{"href":"https:\/\/infois.ro\/index.php?rest_route=\/wp\/v2\/posts\/2162"}],"collection":[{"href":"https:\/\/infois.ro\/index.php?rest_route=\/wp\/v2\/posts"}],"about":[{"href":"https:\/\/infois.ro\/index.php?rest_route=\/wp\/v2\/types\/post"}],"author":[{"embeddable":true,"href":"https:\/\/infois.ro\/index.php?rest_route=\/wp\/v2\/users\/2"}],"replies":[{"embeddable":true,"href":"https:\/\/infois.ro\/index.php?rest_route=%2Fwp%2Fv2%2Fcomments&post=2162"}],"version-history":[{"count":1,"href":"https:\/\/infois.ro\/index.php?rest_route=\/wp\/v2\/posts\/2162\/revisions"}],"predecessor-version":[{"id":2164,"href":"https:\/\/infois.ro\/index.php?rest_route=\/wp\/v2\/posts\/2162\/revisions\/2164"}],"wp:featuredmedia":[{"embeddable":true,"href":"https:\/\/infois.ro\/index.php?rest_route=\/wp\/v2\/media\/2163"}],"wp:attachment":[{"href":"https:\/\/infois.ro\/index.php?rest_route=%2Fwp%2Fv2%2Fmedia&parent=2162"}],"wp:term":[{"taxonomy":"category","embeddable":true,"href":"https:\/\/infois.ro\/index.php?rest_route=%2Fwp%2Fv2%2Fcategories&post=2162"},{"taxonomy":"post_tag","embeddable":true,"href":"https:\/\/infois.ro\/index.php?rest_route=%2Fwp%2Fv2%2Ftags&post=2162"}],"curies":[{"name":"wp","href":"https:\/\/api.w.org\/{rel}","templated":true}]}}