{"id":21665,"date":"2016-01-25T18:29:04","date_gmt":"2016-01-25T16:29:04","guid":{"rendered":"http:\/\/infois.ro\/?p=21665"},"modified":"2016-01-25T18:29:04","modified_gmt":"2016-01-25T16:29:04","slug":"campanie-de-colectare-a-deseurilor-electrice-si-electronice-la-pascani","status":"publish","type":"post","link":"https:\/\/infois.ro\/?p=21665","title":{"rendered":"Campanie de colectare a de\u0219eurilor electrice \u0219i electronice la Pa\u0219cani"},"content":{"rendered":"<p style=\"text-align: justify;\"><a href=\"http:\/\/infois.ro\/wp-content\/uploads\/2013\/10\/deseuri.jpg\"><img loading=\"lazy\" decoding=\"async\" class=\"alignleft  wp-image-7744\" src=\"http:\/\/infois.ro\/wp-content\/uploads\/2013\/10\/deseuri.jpg\" alt=\"deseuri\" width=\"272\" height=\"181\" srcset=\"https:\/\/infois.ro\/wp-content\/uploads\/2013\/10\/deseuri.jpg 600w, https:\/\/infois.ro\/wp-content\/uploads\/2013\/10\/deseuri-300x199.jpg 300w\" sizes=\"(max-width: 272px) 100vw, 272px\" \/><\/a><\/p>\n<p style=\"text-align: justify;\">\u00cen perioada 25-30 ianuarie, cet\u0103\u021benii municipiului Pa\u0219cani sunt invita\u021bi s\u0103 se al\u0103ture campaniei organizate de\u00a0 Asocia\u0163ia Rom\u00e2n\u0103 pentru Reciclare RoRec, \u00eempreun\u0103 cu Prim\u0103ria acestei localit\u0103\u021bi, care are ca scop colectarea de\u0219eurilor electrice \u0219i electronice (DEEE). Ac\u021biunea, care se va desf\u0103\u0219ura zilnic \u00eentre orele 9.00 \u2013 17.00, va oferi servicii gratuite de colectare \u0219i preluare a de\u0219eurilor electrice pentru persoanele fizice \u0219i juridice. Ma\u0219ina de colectare va circula \u0219i \u00een localit\u0103\u021bile Bl\u0103ge\u015fti, Bo\u015fteni, G\u00e2\u015fte\u015fti, Lunca \u0219i Sodomeni. De\u015feurile grele sau voluminoase vor fi preluate gratuit de la domiciliu, institu\u0163ie \u015fi sediu de firm\u0103 prin comenzi telefonice la TelVerde RoRec 0800 444 800 (num\u0103r gratuit, disponibil zilnic \u00eentre orele 9.00-17.00). \u201dPrin proiectele \u0219i activit\u0103\u021bile derulate \u00eempreun\u0103 cu autorit\u0103\u021bile locale, \u00eencerc\u0103m s\u0103 oferim cet\u0103\u021benilor un sistem de colectare al de\u0219eurilor electrice c\u00e2t mai bine dezvoltat, astfel \u00eenc\u00e2t acest act al colect\u0103rii s\u0103 fie la \u00eendem\u00e2na oricui \u0219i s\u0103 devin\u0103 o obi\u0219nuin\u021b\u0103. Pentru c\u0103 doar \u00eempreun\u0103 cu cet\u0103\u021benii putem apropia Rom\u00e2nia de standardele europene\u00a0 privind colectarea selectiv\u0103 \u0219i reciclarea de\u0219eurilor electrice, respectiv de a colecta anual 4 kg DEEE per locuitor. Aceast\u0103 obliga\u0163ie a Rom\u00e2niei este departe de a fi \u00eendeplinit\u0103, iar Comunitatea European\u0103 poate sac\u021biona oric\u00e2nd statul rom\u00e2n pentru acest lucru, a\u0219a cum a f\u0103cut-o deja \u00een cazul altor state membre UE.\u201d, a declarat Cristian Oprea, Manager Regional Asocia\u021bia RoRec. Cei care se vor debarasa de de\u015feurile electrice \u00een cadrul acestei s\u0103pt\u0103mani de colectare, vor putea c\u00e2\u015ftiga, prin tragere la sor\u0163i, unul dintre urm\u0103toarele premii oferite de Tristar \u0219i Skill: opt polizoare unghiulare, opt ma\u0219ini de g\u0103urit \u0219i patru cafetiere. Tragerea la sor\u0163i va avea loc la s\u00e2mb\u0103t\u0103, 30 ianuarie, ora 15.00, la Prim\u0103ria municipiului Pa\u0219cani.<\/p>\n","protected":false},"excerpt":{"rendered":"<p>\u00cen perioada 25-30 ianuarie, cet\u0103\u021benii municipiului Pa\u0219cani sunt invita\u021bi s\u0103 se al\u0103ture campaniei organizate de\u00a0&#8230; <a class=\"meta-more\" href=\"https:\/\/infois.ro\/?p=21665\">more <span class=\"meta-nav\">&raquo;<\/span><\/a><\/p>\n","protected":false},"author":2,"featured_media":6662,"comment_status":"open","ping_status":"closed","sticky":false,"template":"","format":"standard","meta":{"footnotes":""},"categories":[6,41],"tags":[74,3515,7882,576,40,321,6842],"aioseo_notices":[],"_links":{"self":[{"href":"https:\/\/infois.ro\/index.php?rest_route=\/wp\/v2\/posts\/21665"}],"collection":[{"href":"https:\/\/infois.ro\/index.php?rest_route=\/wp\/v2\/posts"}],"about":[{"href":"https:\/\/infois.ro\/index.php?rest_route=\/wp\/v2\/types\/post"}],"author":[{"embeddable":true,"href":"https:\/\/infois.ro\/index.php?rest_route=\/wp\/v2\/users\/2"}],"replies":[{"embeddable":true,"href":"https:\/\/infois.ro\/index.php?rest_route=%2Fwp%2Fv2%2Fcomments&post=21665"}],"version-history":[{"count":1,"href":"https:\/\/infois.ro\/index.php?rest_route=\/wp\/v2\/posts\/21665\/revisions"}],"predecessor-version":[{"id":21666,"href":"https:\/\/infois.ro\/index.php?rest_route=\/wp\/v2\/posts\/21665\/revisions\/21666"}],"wp:featuredmedia":[{"embeddable":true,"href":"https:\/\/infois.ro\/index.php?rest_route=\/wp\/v2\/media\/6662"}],"wp:attachment":[{"href":"https:\/\/infois.ro\/index.php?rest_route=%2Fwp%2Fv2%2Fmedia&parent=21665"}],"wp:term":[{"taxonomy":"category","embeddable":true,"href":"https:\/\/infois.ro\/index.php?rest_route=%2Fwp%2Fv2%2Fcategories&post=21665"},{"taxonomy":"post_tag","embeddable":true,"href":"https:\/\/infois.ro\/index.php?rest_route=%2Fwp%2Fv2%2Ftags&post=21665"}],"curies":[{"name":"wp","href":"https:\/\/api.w.org\/{rel}","templated":true}]}}