{"id":21689,"date":"2016-01-27T13:57:18","date_gmt":"2016-01-27T11:57:18","guid":{"rendered":"http:\/\/infois.ro\/?p=21689"},"modified":"2016-01-27T13:57:18","modified_gmt":"2016-01-27T11:57:18","slug":"contractele-de-comodat-ale-imobilelor-in-care-functioneaza-centrele-zonale-de-ambulanta-in-discutia-plenului-cj","status":"publish","type":"post","link":"https:\/\/infois.ro\/?p=21689","title":{"rendered":"Contractele de comodat ale imobilelor \u00een care func\u021bioneaz\u0103 centrele zonale de ambulan\u021b\u0103, \u00een discu\u021bia plenului CJ"},"content":{"rendered":"<p style=\"text-align: justify;\"><a href=\"http:\/\/infois.ro\/wp-content\/uploads\/2016\/01\/ambulanta.jpg\"><img loading=\"lazy\" decoding=\"async\" class=\"alignleft  wp-image-21690\" src=\"http:\/\/infois.ro\/wp-content\/uploads\/2016\/01\/ambulanta.jpg\" alt=\"ambulanta\" width=\"368\" height=\"245\" srcset=\"https:\/\/infois.ro\/wp-content\/uploads\/2016\/01\/ambulanta.jpg 640w, https:\/\/infois.ro\/wp-content\/uploads\/2016\/01\/ambulanta-300x199.jpg 300w\" sizes=\"(max-width: 368px) 100vw, 368px\" \/><\/a><\/p>\n<p style=\"text-align: justify;\">Serviciul de Ambulan\u021b\u0103 Jude\u021bean (SAJ) Ia\u0219i solicit\u0103 prelungirea pentru o perioad\u0103 de cinci ani a contractelor de comodat pentru imobilele \u00een care func\u021bioneaz\u0103 centrele zonale de la Bivolari \u0219i \u021aib\u0103ne\u0219ti, o decizie \u00een acest sens urm\u00e2nd s\u0103 fie luat\u0103 \u00een cadrul \u0219edin\u021bei Consiliului Jude\u021bean, programat\u0103 la sf\u00e2r\u0219itul acestei s\u0103pt\u0103m\u00e2ni. Termenul de valabilitate al contractelor de comodat pentru cele dou\u0103 centre zonele a expirat la data de 30.11.2015, motiv pentru care este nevoie de emiterea unei noi hot\u0103r\u00e2ri pentru atribuirea acestor spa\u021bii, \u00een folosin\u021b\u0103 gratuit\u0103. Pentru cre\u0219terea operativit\u0103\u021bii Serviciului de Ambulan\u021b\u0103 Jude\u021bean (SAJ) Ia\u0219i au fost \u00eenfiin\u021bate trei centre zonale, la Bivolari, R\u0103duc\u0103neni, \u021aib\u0103ne\u0219ti. Imobilul \u00een care func\u021bioneaz\u0103 Centrul zonal \u021aib\u0103ne\u0219ti, un fost canton al drumurilor jude\u021bene, a fost atribuit \u00een folosin\u021b\u0103 gratuit\u0103 Serviciului de Ambulan\u021b\u0103 Jude\u021bean Ia\u0219i pe perioada existen\u021bei construc\u021biei, \u00een baza Hot\u0103r\u00e2rii Consiliului Jude\u021bean nr. 291\/08.12.2009. Imobilele \u00een care func\u021bioneaz\u0103 centrele zonale Bivolari \u0219i R\u0103duc\u0103neni sunt \u00een proprietatea jude\u021bului Ia\u0219i, fiind p\u0103r\u021bi din Unit\u0103\u021bile Medico-Sociale (UMS) aflate \u00een gestiunea financiar\u0103 a Consiliului Jude\u021bean. \u201dActivitatea centrelor zonale ale Serviciului de Ambulan\u021b\u0103 Jude\u021bean Ia\u0219i se desf\u0103\u0219oar\u0103 \u00een aceste imobile \u00eenc\u0103 de pe vremea c\u00e2nd acestea se aflau \u00een proprietatea comunelor Bivolari \u0219i R\u0103duc\u0103neni, fiind preluate de la aceste unit\u0103\u021bi administrativ-teritoriale \u00een baza Hot\u0103r\u00e2rii Consiliului Judetean Ia\u0219i nr.162\/2007. Dreptul de folosin\u021b\u0103 gratuit\u0103 p\u00e2n\u0103 la aceast\u0103 dat\u0103 a fost atribuit prin Hot\u0103r\u00e2rea Consiliului Jude\u021bean Ia\u0219i nr.351\/26.11.2010, \u00een acest scop fiind \u00eencheiate contractele de comodat nr.12419\/16.12.2010 \u0219i 12416\/16.12.2010. Suprafe\u021bele utilizate de Serviciul de Ambulan\u021b\u0103 Jude\u021bean Ia\u0219i sunt de 46,18 mp la R\u0103duc\u0103neni (corp cladire C17) \u0219i 29,8 mp la Bivolari (dou\u0103 camere de 11,4 mp \u0219i 7 mp cota parte hol acces \u0219i grup sanitar)\u201d, se precizeaz\u0103 \u00eentr-un comunicat de pres\u0103 al CJ Ia\u0219i.<\/p>\n","protected":false},"excerpt":{"rendered":"<p>Serviciul de Ambulan\u021b\u0103 Jude\u021bean (SAJ) Ia\u0219i solicit\u0103 prelungirea pentru o perioad\u0103 de cinci ani a&#8230; <a class=\"meta-more\" href=\"https:\/\/infois.ro\/?p=21689\">more <span class=\"meta-nav\">&raquo;<\/span><\/a><\/p>\n","protected":false},"author":2,"featured_media":21690,"comment_status":"open","ping_status":"closed","sticky":false,"template":"","format":"standard","meta":{"footnotes":""},"categories":[1],"tags":[7890,133,7889,40],"aioseo_notices":[],"_links":{"self":[{"href":"https:\/\/infois.ro\/index.php?rest_route=\/wp\/v2\/posts\/21689"}],"collection":[{"href":"https:\/\/infois.ro\/index.php?rest_route=\/wp\/v2\/posts"}],"about":[{"href":"https:\/\/infois.ro\/index.php?rest_route=\/wp\/v2\/types\/post"}],"author":[{"embeddable":true,"href":"https:\/\/infois.ro\/index.php?rest_route=\/wp\/v2\/users\/2"}],"replies":[{"embeddable":true,"href":"https:\/\/infois.ro\/index.php?rest_route=%2Fwp%2Fv2%2Fcomments&post=21689"}],"version-history":[{"count":1,"href":"https:\/\/infois.ro\/index.php?rest_route=\/wp\/v2\/posts\/21689\/revisions"}],"predecessor-version":[{"id":21691,"href":"https:\/\/infois.ro\/index.php?rest_route=\/wp\/v2\/posts\/21689\/revisions\/21691"}],"wp:featuredmedia":[{"embeddable":true,"href":"https:\/\/infois.ro\/index.php?rest_route=\/wp\/v2\/media\/21690"}],"wp:attachment":[{"href":"https:\/\/infois.ro\/index.php?rest_route=%2Fwp%2Fv2%2Fmedia&parent=21689"}],"wp:term":[{"taxonomy":"category","embeddable":true,"href":"https:\/\/infois.ro\/index.php?rest_route=%2Fwp%2Fv2%2Fcategories&post=21689"},{"taxonomy":"post_tag","embeddable":true,"href":"https:\/\/infois.ro\/index.php?rest_route=%2Fwp%2Fv2%2Ftags&post=21689"}],"curies":[{"name":"wp","href":"https:\/\/api.w.org\/{rel}","templated":true}]}}