{"id":2171,"date":"2012-10-10T13:57:46","date_gmt":"2012-10-10T10:57:46","guid":{"rendered":"http:\/\/infois.ro\/?p=2171"},"modified":"2012-10-10T13:57:46","modified_gmt":"2012-10-10T10:57:46","slug":"vineri-12-octombrie-o-noua-sedinta-extraordinara-a-cj-iasi","status":"publish","type":"post","link":"https:\/\/infois.ro\/?p=2171","title":{"rendered":"Vineri, 12 octombrie, o nou\u0103 \u0219edin\u021b\u0103 extraordinar\u0103 a CJ Ia\u0219i"},"content":{"rendered":"<p style=\"text-align: justify;\"><a class=\"highslide\" onclick=\"return vz.expand(this)\" href=\"http:\/\/infois.ro\/wp-content\/uploads\/2012\/10\/sedinta-cj-12-oct.jpg\"><img loading=\"lazy\" decoding=\"async\" class=\"alignleft size-large wp-image-2172\" title=\"sedinta cj 12 oct\" src=\"http:\/\/infois.ro\/wp-content\/uploads\/cache\/2012\/10\/sedinta-cj-12-oct\/3737661938.jpg\" alt=\"\" width=\"1024\" height=\"682\" \/><\/a>Vineri, 12 octombrie, \u00eencep\u00e2nd cu ora 9.00, \u00een Sala Galben\u0103 a Palatului Administrativ al Jude\u021bului va avea loc o \u015fedin\u0163\u0103 extraordinar\u0103 a Consiliului Jude\u0163ean (CJ) Ia\u0219i, pe a c\u0103rei ordine de zi se vor afla, printre altele, mai multe proiecte de hot\u0103r\u00e2re importante pentru jude\u021b, referitoare la modernizarea Aeroportului Interna\u021bional Ia\u0219i, respectiv la proiectul de reabilitare a M\u0103n\u0103stirii Golia. \u201dPe ordinea de zi a \u0219edin\u021bei extraordianre din data de 12 octombrie vor fi trei proiecte de hot\u0103r\u00e2re privind modernizarea Aeroportului. Este vorba despre aprobarea indicatorilor tehnico-economici pentru realizarea a dou\u0103 c\u0103i de degajare rapid\u0103, a unei platforme \u00eembarcare-debarcare \u015fi a instala\u0163iilor aferente, mai exact balizaj \u015fi sistem de iluminare. Totodat\u0103, va fi aprobat \u015fi realizarea proiectului \u015fi a unui parteneriat \u00eentre Consiliul Jude\u0163ean \u015fi Aeroport. Valoarea cererii de finan\u0163are, care va fi depus\u0103 cel mai probabil \u00een cursul s\u0103pt\u0103m\u00e2nii viitoare, va fi de aproape 40 milioane de euro, pe Programul Opera\u0163ional Sectorial \u2013 Transporturi. \u00cen ceea ce prive\u0219te proiectul de hot\u0103r\u00e2re referitor la lucr\u0103rile de la M\u0103n\u0103sirea Golia, men\u021bion\u0103m c\u0103 de la 1 ianuarie 2012,\u00a0taxa pe valoarea adaugat\u0103 aferent\u0103 proiectelor finan\u0163ate din fonduri europene a devenit cheltuial\u0103 eligibil\u0103, aceasta fiind suportat\u0103 din fonduri comunitare. \u00cen acest sens, modific\u0103rile pentru proiectul Golia II, prin care se urm\u0103re\u015fte reabilitarea picturii interioare a m\u0103n\u0103stirii \u015fi pentru care sper\u0103m s\u0103 ob\u0163inem finan\u0163are european\u0103, necesit\u0103 un aviz\u00a0al consilierilor jude\u0163eni. Valoarea total\u0103 a proiectului este de aproape 6 milioane de euro, din care TVA circa un milion de euro. Contribu\u0163ia total\u0103 (Consiliul Jude\u0163ean \u015fi Consiliului Local) va fi pu\u0163in peste 100.000 de euro. Un alt proiect va reprezenta schimbarea reprezentantului legal al Consiliului Jude\u0163ean \u00een cadrul acestui proiect (fostul pre\u015fedinte va fi \u00eenlocuit cu actualul pre\u015fedinte al Consiliului Jude\u0163ean, domnul Cristian Adomni\u021bei\u201d, a declarat Marius P\u00e2rciu, purt\u0103torul de cuv\u00e2nt al CJ Ia\u0219i.<\/p>\n","protected":false},"excerpt":{"rendered":"<p>Vineri, 12 octombrie, \u00eencep\u00e2nd cu ora 9.00, \u00een Sala Galben\u0103 a Palatului Administrativ al Jude\u021bului&#8230; <a class=\"meta-more\" href=\"https:\/\/infois.ro\/?p=2171\">more <span class=\"meta-nav\">&raquo;<\/span><\/a><\/p>\n","protected":false},"author":2,"featured_media":2172,"comment_status":"open","ping_status":"open","sticky":false,"template":"","format":"standard","meta":{"footnotes":""},"categories":[1],"tags":[465,374,226],"aioseo_notices":[],"_links":{"self":[{"href":"https:\/\/infois.ro\/index.php?rest_route=\/wp\/v2\/posts\/2171"}],"collection":[{"href":"https:\/\/infois.ro\/index.php?rest_route=\/wp\/v2\/posts"}],"about":[{"href":"https:\/\/infois.ro\/index.php?rest_route=\/wp\/v2\/types\/post"}],"author":[{"embeddable":true,"href":"https:\/\/infois.ro\/index.php?rest_route=\/wp\/v2\/users\/2"}],"replies":[{"embeddable":true,"href":"https:\/\/infois.ro\/index.php?rest_route=%2Fwp%2Fv2%2Fcomments&post=2171"}],"version-history":[{"count":1,"href":"https:\/\/infois.ro\/index.php?rest_route=\/wp\/v2\/posts\/2171\/revisions"}],"predecessor-version":[{"id":2173,"href":"https:\/\/infois.ro\/index.php?rest_route=\/wp\/v2\/posts\/2171\/revisions\/2173"}],"wp:featuredmedia":[{"embeddable":true,"href":"https:\/\/infois.ro\/index.php?rest_route=\/wp\/v2\/media\/2172"}],"wp:attachment":[{"href":"https:\/\/infois.ro\/index.php?rest_route=%2Fwp%2Fv2%2Fmedia&parent=2171"}],"wp:term":[{"taxonomy":"category","embeddable":true,"href":"https:\/\/infois.ro\/index.php?rest_route=%2Fwp%2Fv2%2Fcategories&post=2171"},{"taxonomy":"post_tag","embeddable":true,"href":"https:\/\/infois.ro\/index.php?rest_route=%2Fwp%2Fv2%2Ftags&post=2171"}],"curies":[{"name":"wp","href":"https:\/\/api.w.org\/{rel}","templated":true}]}}