{"id":21722,"date":"2016-01-30T17:19:28","date_gmt":"2016-01-30T15:19:28","guid":{"rendered":"http:\/\/infois.ro\/?p=21722"},"modified":"2016-01-30T17:19:28","modified_gmt":"2016-01-30T15:19:28","slug":"iesenii-sunt-invitati-la-primarie-sa-propuna-cum-sa-fie-investiti-banii-orasului","status":"publish","type":"post","link":"https:\/\/infois.ro\/?p=21722","title":{"rendered":"Ie\u0219enii sunt invita\u021bi la Prim\u0103rie s\u0103 propun\u0103 cum s\u0103 fie investi\u021bi banii ora\u0219ului"},"content":{"rendered":"<p style=\"text-align: justify;\"><a href=\"http:\/\/infois.ro\/wp-content\/uploads\/2015\/03\/primaria-iasi.jpg\"><img loading=\"lazy\" decoding=\"async\" class=\"alignleft  wp-image-16642\" src=\"http:\/\/infois.ro\/wp-content\/uploads\/2015\/03\/primaria-iasi.jpg\" alt=\"primaria-iasi\" width=\"319\" height=\"213\" srcset=\"https:\/\/infois.ro\/wp-content\/uploads\/2015\/03\/primaria-iasi.jpg 600w, https:\/\/infois.ro\/wp-content\/uploads\/2015\/03\/primaria-iasi-300x200.jpg 300w\" sizes=\"(max-width: 319px) 100vw, 319px\" \/><\/a><\/p>\n<p style=\"text-align: justify;\">Prim\u0103ria municipiului Ia\u0219i ini\u021biaz\u0103 o serie de ac\u021biuni de intensificare a dezbaterii publice a proiectul bugetului local pe 2016. Astfel, a\u0219a dup\u0103 cum a anun\u021bat recent primarul interimar Mihai Chirica, \u00eencep\u00e2nd din aceast\u0103 s\u0103pt\u0103m\u00e2n\u0103, la Centrul de Informa\u021bii pentru Cet\u0103\u021beni \u0219i la toate cele cinci Centre de Cartier ale Prim\u0103riei au fost distribuite 5.000 de chestionare prin care ie\u015fenii sunt invita\u0163i s\u0103 \u00ee\u015fi exprime p\u0103rerile \u015fi sugestiile referitoare la proiectul de buget pe anul 2016. Proiectul bugetului local pe 2016 poate fi vizualizat at\u00e2t pe site-ul Prim\u0103riei (<a href=\"http:\/\/www.primaria-iasi.ro\/\">www.primaria-iasi.ro<\/a>), pe prima pagin\u0103 \u0219i \u00een sec\u021biunea Consiliul Local \/ Proiecte HCL, c\u00e2t \u0219i \u00een form\u0103 tip\u0103rit\u0103, la Centrul de Informa\u021bii \u0219i la Centrele de Cartier. Pentru ca perioada de dezbatere public\u0103 a bugetului s\u0103 fie utilizat\u0103 c\u00e2t mai eficient, Centrul de Informa\u021bii pentru Cet\u0103\u021beni \u0219i cele cinci Centre de Cartier vor fi deschise \u0219i s\u00e2mb\u0103t\u0103, 30 ianuarie, \u0219i duminic\u0103, 31 ianuarie, \u00eentre orele 10.00 \u015fi 16.00. \u00a0De asemenea, luni, 1 februarie, de la ora 13.00, \u00een Sala Mare a Prim\u0103riei va fi organizat\u0103 o dezbatere cu societatea civil\u0103 ie\u0219ean\u0103, la manifestare fiind invita\u021bi reprezentan\u021bii organiza\u021biilor neguvernamentale din Ia\u0219i. La propunerea primarului interimar Mihai Chirica, municipalitatea va organizeze \u0219i trei \u00eent\u00e2lniri cu cet\u0103\u021benii Ia\u0219ului, \u00een care reprezentan\u021bii executivului Prim\u0103riei urmeaz\u0103 s\u0103 r\u0103spund\u0103 \u00eentreb\u0103rilor \u0219i propunerilor ie\u0219enilor cu privire la proiectul bugetului pe acest an. Calendarul dezbaterilor publice organizate de Prim\u0103ria municipiului Ia\u0219i privind bugetul de venituri \u0219i cheltuieli al municipiului Ia\u0219i pentru anul 2016 este urm\u0103torul: joi, 28 ianuarie &#8211; \u00eenceperea distribuirii chestionarelor \u00een Centrul de Informa\u021bii pentru Cet\u0103\u021beni \u0219i la cele cinci Centre de Cartier; joi, 28 ianuarie &#8211; joi, 4 februarie &#8211; completarea \u0219i depunerea chestionarelor la Centrul de Informa\u021bii pentru Cet\u0103\u021beni \u0219i la cele cinci Centre de Cartier, dup\u0103 programul: s\u00e2mb\u0103t\u0103 \u0219i duminic\u0103, \u00eentre orele 10.00 &#8211; 16.00; luni, mar\u021bi \u0219i miercuri, \u00eentre orele 8.30 &#8211; 16.30; joi, \u00eentre orele 8.30 &#8211; 18.30; \u00a0luni, 1 februarie, orele 13.00 &#8211; 15.00 &#8211; dezbatere cu societatea civil\u0103, \u00een Sala Mare a Prim\u0103riei municipiului Ia\u0219i; mar\u021bi, 2 februarie, miercuri, 3 februarie, joi, 4 februarie, orele 18.00 &#8211; 20.00 &#8211; dezbateri cu ie\u0219enii, \u00een Sala Mare a Prim\u0103riei municipiului Ia\u0219i; vineri, 5 februarie &#8211; centralizarea chestionarelor. \u201dPe l\u00e2ng\u0103 completarea acestor chestionare, p\u00e2n\u0103 joi, 4 februarie, se pot trimite \u0219i \u00een scris propuneri, sugestii, opinii cu valoare de recomandare, pe adresa Prim\u0103ria Municipiului Ia\u015fi, bd. \u015etefan cel Mare \u015fi Sf\u00e2nt 11, Ia\u015fi, cod 700064. De asemenea, se pot trimite propuneri \u0219i pe adresa Centrului de Informa\u0163ii pentru Cet\u0103\u0163eni &#8211; Biroul de Rela\u0163ii cu Publicul, luni, mar\u021bi, miercuri \u015fi vineri \u00eentre orele 8.30 &#8211; 16.30, iar joi \u00eentre orele 8.30 &#8211; 18.30, la telefonul direct 0232.984 sau pe e-mail, la adresa <a href=\"mailto:informatii@primaria-iasi.ro\">informatii@primaria-iasi.ro<\/a>\u201d, se precizeaz\u0103 \u00eentr-un comunicat al Biroului de pres\u0103 al Prim\u0103riei municipiului Ia\u0219i.<\/p>\n","protected":false},"excerpt":{"rendered":"<p>Prim\u0103ria municipiului Ia\u0219i ini\u021biaz\u0103 o serie de ac\u021biuni de intensificare a dezbaterii publice a proiectul&#8230; <a class=\"meta-more\" href=\"https:\/\/infois.ro\/?p=21722\">more <span class=\"meta-nav\">&raquo;<\/span><\/a><\/p>\n","protected":false},"author":2,"featured_media":16642,"comment_status":"open","ping_status":"closed","sticky":false,"template":"","format":"standard","meta":{"footnotes":""},"categories":[1,41],"tags":[74,1553,1841,40,1583,477],"aioseo_notices":[],"_links":{"self":[{"href":"https:\/\/infois.ro\/index.php?rest_route=\/wp\/v2\/posts\/21722"}],"collection":[{"href":"https:\/\/infois.ro\/index.php?rest_route=\/wp\/v2\/posts"}],"about":[{"href":"https:\/\/infois.ro\/index.php?rest_route=\/wp\/v2\/types\/post"}],"author":[{"embeddable":true,"href":"https:\/\/infois.ro\/index.php?rest_route=\/wp\/v2\/users\/2"}],"replies":[{"embeddable":true,"href":"https:\/\/infois.ro\/index.php?rest_route=%2Fwp%2Fv2%2Fcomments&post=21722"}],"version-history":[{"count":1,"href":"https:\/\/infois.ro\/index.php?rest_route=\/wp\/v2\/posts\/21722\/revisions"}],"predecessor-version":[{"id":21724,"href":"https:\/\/infois.ro\/index.php?rest_route=\/wp\/v2\/posts\/21722\/revisions\/21724"}],"wp:featuredmedia":[{"embeddable":true,"href":"https:\/\/infois.ro\/index.php?rest_route=\/wp\/v2\/media\/16642"}],"wp:attachment":[{"href":"https:\/\/infois.ro\/index.php?rest_route=%2Fwp%2Fv2%2Fmedia&parent=21722"}],"wp:term":[{"taxonomy":"category","embeddable":true,"href":"https:\/\/infois.ro\/index.php?rest_route=%2Fwp%2Fv2%2Fcategories&post=21722"},{"taxonomy":"post_tag","embeddable":true,"href":"https:\/\/infois.ro\/index.php?rest_route=%2Fwp%2Fv2%2Ftags&post=21722"}],"curies":[{"name":"wp","href":"https:\/\/api.w.org\/{rel}","templated":true}]}}