{"id":21839,"date":"2016-02-05T15:48:34","date_gmt":"2016-02-05T13:48:34","guid":{"rendered":"http:\/\/infois.ro\/?p=21839"},"modified":"2016-02-05T15:48:34","modified_gmt":"2016-02-05T13:48:34","slug":"campania-de-dezbatere-publica-a-proiectului-bugetului-iasului-s-a-incheiat","status":"publish","type":"post","link":"https:\/\/infois.ro\/?p=21839","title":{"rendered":"Campania de dezbatere public\u0103 a proiectului bugetului Ia\u0219ului s-a \u00eencheiat"},"content":{"rendered":"<p style=\"text-align: justify;\"><a href=\"http:\/\/infois.ro\/wp-content\/uploads\/2016\/02\/mihai-chirica1.jpg\"><img loading=\"lazy\" decoding=\"async\" class=\"alignleft  wp-image-21840\" src=\"http:\/\/infois.ro\/wp-content\/uploads\/2016\/02\/mihai-chirica1.jpg\" alt=\"mihai chirica\" width=\"369\" height=\"207\" srcset=\"https:\/\/infois.ro\/wp-content\/uploads\/2016\/02\/mihai-chirica1.jpg 640w, https:\/\/infois.ro\/wp-content\/uploads\/2016\/02\/mihai-chirica1-300x168.jpg 300w, https:\/\/infois.ro\/wp-content\/uploads\/2016\/02\/mihai-chirica1-140x80.jpg 140w\" sizes=\"(max-width: 369px) 100vw, 369px\" \/><\/a><\/p>\n<p style=\"text-align: justify;\">Campania de dezbatere public\u0103 organizat\u0103 de Prim\u0103ria municipiului Ia\u0219i \u00een leg\u0103tur\u0103 cu proiectul bugetului local pe 2016 s-a \u00eencheiat joi, 4 februarie. Potrivit calendarului dezbaterilor publice, anun\u021bat la \u00eenceputul campaniei, \u00een cursul zilei de vineri, 5 februarie, urnele cu chestionarele completate \u0219i depuse de c\u0103tre ie\u0219eni au fost aduse la sediul Prim\u0103riei \u0219i deschise. P\u00e2n\u0103 luni, 8 februarie, propunerile \u015fi sugestiile cet\u0103\u021benilor referitoare la proiectul de buget, dar \u0219i la alte probleme punctuale, vor fi transcrise \u0219i centralizate. \u00cen perioada 28 ianuarie \u2013 4 februarie, la Centrul de Informa\u021bii pentru Cet\u0103\u021beni \u0219i la cele cinci Centre de Cartier din Ia\u015fi au fost distribuite 5.000 de chestionare, prin care ie\u015fenii au fost invita\u0163i s\u0103 \u00ee\u015fi exprime p\u0103rerile \u015fi sugestiile referitoare la proiectul bugetului local. Luni, 1 februarie, \u00een Sala \u201dVasile Pogor\u201d a Prim\u0103riei a fost organizat\u0103 o dezbatere cu reprezentan\u021bii organiza\u021biilor neguvernamentale din Ia\u0219i. Mar\u021bi, miercuri \u0219i joi, 2, 3 \u0219i, respectiv, 4 februarie, la Palatul Roznovanu au avut loc trei \u00eent\u00e2lniri directe cu cet\u0103\u021benii. La propunerile \u0219i \u00eentreb\u0103rile ie\u0219enilor au r\u0103spuns primarul Mihai Chirica \u0219i al\u021bi reprezentan\u021bi ai executivului Prim\u0103riei, precum \u0219i reprezentan\u021bi ai RATP, Direc\u021biei de Administrare a Patrimoniului Public \u0219i Privat, Direc\u021biei de Asisten\u021b\u0103 Comunitar\u0103, Poli\u021biei Locale, Salubris SA \u0219i Citadin SA. \u201dPropunerile \u0219i sugestiile f\u0103cute \u00een cele patru dezbateri publice, precum \u0219i cele transmise prin intermediul chestionarelor vor centralizate \u0219i, func\u021bie de priorit\u0103\u021bile de investi\u021bii \u0219i resursele financiare, vor face face obiectul unor amendamente la proiectul ini\u021bial al bugetului municipiului Ia\u0219i pe acest an. O alt\u0103 serie de sesiz\u0103ri \u0219i solicit\u0103ri punctuale emise de ie\u0219eni \u00een cadrul dezbaterilor publice au fost consemnate \u0219i date spre solu\u021bionare direc\u021biilor \u0219i societ\u0103\u021bilor comerciale subordonate municipalit\u0103\u021bii. Lista complet\u0103 a amendamentelor la proiectul de buget conturate \u00een urma campaniei de dezbatere public\u0103 organizat\u0103 de Prim\u0103ria Municipiului Ia\u0219i va fi prezentat\u0103 opiniei publice luni, 8 februarie\u201d, se precizeaz\u0103 \u00eentr-un comunicat al Biroului de pres\u0103 al Prim\u0103riei municipiului Ia\u0219i.<\/p>\n","protected":false},"excerpt":{"rendered":"<p>Campania de dezbatere public\u0103 organizat\u0103 de Prim\u0103ria municipiului Ia\u0219i \u00een leg\u0103tur\u0103 cu proiectul bugetului local&#8230; <a class=\"meta-more\" href=\"https:\/\/infois.ro\/?p=21839\">more <span class=\"meta-nav\">&raquo;<\/span><\/a><\/p>\n","protected":false},"author":2,"featured_media":21840,"comment_status":"open","ping_status":"closed","sticky":false,"template":"","format":"standard","meta":{"footnotes":""},"categories":[1,41],"tags":[74,1553,7446,40,1583,477],"aioseo_notices":[],"_links":{"self":[{"href":"https:\/\/infois.ro\/index.php?rest_route=\/wp\/v2\/posts\/21839"}],"collection":[{"href":"https:\/\/infois.ro\/index.php?rest_route=\/wp\/v2\/posts"}],"about":[{"href":"https:\/\/infois.ro\/index.php?rest_route=\/wp\/v2\/types\/post"}],"author":[{"embeddable":true,"href":"https:\/\/infois.ro\/index.php?rest_route=\/wp\/v2\/users\/2"}],"replies":[{"embeddable":true,"href":"https:\/\/infois.ro\/index.php?rest_route=%2Fwp%2Fv2%2Fcomments&post=21839"}],"version-history":[{"count":1,"href":"https:\/\/infois.ro\/index.php?rest_route=\/wp\/v2\/posts\/21839\/revisions"}],"predecessor-version":[{"id":21841,"href":"https:\/\/infois.ro\/index.php?rest_route=\/wp\/v2\/posts\/21839\/revisions\/21841"}],"wp:featuredmedia":[{"embeddable":true,"href":"https:\/\/infois.ro\/index.php?rest_route=\/wp\/v2\/media\/21840"}],"wp:attachment":[{"href":"https:\/\/infois.ro\/index.php?rest_route=%2Fwp%2Fv2%2Fmedia&parent=21839"}],"wp:term":[{"taxonomy":"category","embeddable":true,"href":"https:\/\/infois.ro\/index.php?rest_route=%2Fwp%2Fv2%2Fcategories&post=21839"},{"taxonomy":"post_tag","embeddable":true,"href":"https:\/\/infois.ro\/index.php?rest_route=%2Fwp%2Fv2%2Ftags&post=21839"}],"curies":[{"name":"wp","href":"https:\/\/api.w.org\/{rel}","templated":true}]}}