{"id":21929,"date":"2016-02-13T17:01:28","date_gmt":"2016-02-13T15:01:28","guid":{"rendered":"http:\/\/infois.ro\/?p=21929"},"modified":"2016-02-13T17:01:28","modified_gmt":"2016-02-13T15:01:28","slug":"primaria-va-amenaja-parcari-ecologice-in-cartiere","status":"publish","type":"post","link":"https:\/\/infois.ro\/?p=21929","title":{"rendered":"Prim\u0103ria va amenaja \u201dparc\u0103ri ecologice\u201d \u00een cartiere"},"content":{"rendered":"<p style=\"text-align: justify;\"><a href=\"http:\/\/infois.ro\/wp-content\/uploads\/2016\/02\/parcare-ecologica.jpg\"><img loading=\"lazy\" decoding=\"async\" class=\"alignleft  wp-image-21930\" src=\"http:\/\/infois.ro\/wp-content\/uploads\/2016\/02\/parcare-ecologica.jpg\" alt=\"parcare-ecologica\" width=\"307\" height=\"230\" srcset=\"https:\/\/infois.ro\/wp-content\/uploads\/2016\/02\/parcare-ecologica.jpg 600w, https:\/\/infois.ro\/wp-content\/uploads\/2016\/02\/parcare-ecologica-300x224.jpg 300w\" sizes=\"(max-width: 307px) 100vw, 307px\" \/><\/a><\/p>\n<p style=\"text-align: justify;\">Una dintre propunerile Prim\u0103riei privind rezolvarea crizei locurilor de parcare din municipiu, dar \u0219i protejarea mediului \u00eenconjur\u0103tor o reprezint\u0103 amenajarea de \u201dparc\u0103ri ecologice\u201d, a\u0219a\u2013zisele \u201dgreen parking\u201d, pe terenurile virane dintre blocuri. Un astfel de proiect a fost aprobat de consilierii locali \u00een cadrul \u0219edin\u021bei extraordianre desf\u0103\u0219urate \u00een aceast\u0103 s\u0103pt\u0103m\u00e2n\u0103 \u0219i prevede construirea mai multor parc\u0103ri ecologice pe o suprafa\u021b\u0103 total\u0103 de 10.000 de metri p\u0103tra\u021bi. Valoarea proiectului este de dou\u0103 milioane de lei, iar termenul de execu\u021bie de zece luni.\u201d Este un proiect mai vechi al nostru, dar \u00een urma consult\u0103rilor cu cet\u0103\u0163enii, \u00een cadrul dezbaterilor publice despre proiectul bugetului municipiului pe acest an, am decis s\u0103 \u00eel implement\u0103m mai rapid. Vom realiza parc\u0103ri ecologice pe spa\u0163iile dintre blocuri, cu avizul Agen\u0163iei de Protec\u0163ie a Mediului, un sistem care s\u0103 permit\u0103 cre\u015fterea ierbii. Nu a\u015f vrea s\u0103 apel\u0103m neap\u0103rat la beton, pentru c\u0103 acoper\u0103 foarte mult din suprafe\u0163ele disponibile. \u00cen urma discu\u0163iilor avute la dezbaterile publice, am identificat mai multe zone, printre care unele din cartierul Nicolina sau din zona Ciurchi. Amplasamentele vor fi stabilite cu exactitate \u00een func\u0163ie de specificul zonei\u201d, a declarat primarul interimar Mihai Chirica. Parc\u0103rile ecologice sunt \u00een prezent \u00een centrul aten\u0163iei arhitec\u0163ilor urbani \u00een toate zonele aglomerate ale marilor ora\u015fe, constituind o solu\u0163ie concret\u0103, eficient\u0103 ecologic \u015fi economic\u0103. Aceast\u0103 solu\u0163ie tehnic\u0103 asigur\u0103 reducerea scurgerii apelor pluviale \u015fi a gradului de poluare, reduce suprafa\u0163a impermeabil\u0103 a unui spa\u0163iu de parcare \u015fi mic\u015foreaz\u0103 temperatura la nivelul solului. Solu\u0163ia constructiv\u0103 presupune realizarea unor straturi succesive compuse din: substrat drenant din balast, strat de nivel din nisip, umplutur\u0103 cu teren vegetal \u00een care este inclus \u015fi gr\u0103tarul din polietilen\u0103 pentru sus\u0163inerea gazonului sem\u0103nat.<\/p>\n","protected":false},"excerpt":{"rendered":"<p>Una dintre propunerile Prim\u0103riei privind rezolvarea crizei locurilor de parcare din municipiu, dar \u0219i protejarea&#8230; <a class=\"meta-more\" href=\"https:\/\/infois.ro\/?p=21929\">more <span class=\"meta-nav\">&raquo;<\/span><\/a><\/p>\n","protected":false},"author":2,"featured_media":21930,"comment_status":"open","ping_status":"closed","sticky":false,"template":"","format":"standard","meta":{"footnotes":""},"categories":[1,41],"tags":[74,7927,7928,40,7926],"aioseo_notices":[],"_links":{"self":[{"href":"https:\/\/infois.ro\/index.php?rest_route=\/wp\/v2\/posts\/21929"}],"collection":[{"href":"https:\/\/infois.ro\/index.php?rest_route=\/wp\/v2\/posts"}],"about":[{"href":"https:\/\/infois.ro\/index.php?rest_route=\/wp\/v2\/types\/post"}],"author":[{"embeddable":true,"href":"https:\/\/infois.ro\/index.php?rest_route=\/wp\/v2\/users\/2"}],"replies":[{"embeddable":true,"href":"https:\/\/infois.ro\/index.php?rest_route=%2Fwp%2Fv2%2Fcomments&post=21929"}],"version-history":[{"count":1,"href":"https:\/\/infois.ro\/index.php?rest_route=\/wp\/v2\/posts\/21929\/revisions"}],"predecessor-version":[{"id":21931,"href":"https:\/\/infois.ro\/index.php?rest_route=\/wp\/v2\/posts\/21929\/revisions\/21931"}],"wp:featuredmedia":[{"embeddable":true,"href":"https:\/\/infois.ro\/index.php?rest_route=\/wp\/v2\/media\/21930"}],"wp:attachment":[{"href":"https:\/\/infois.ro\/index.php?rest_route=%2Fwp%2Fv2%2Fmedia&parent=21929"}],"wp:term":[{"taxonomy":"category","embeddable":true,"href":"https:\/\/infois.ro\/index.php?rest_route=%2Fwp%2Fv2%2Fcategories&post=21929"},{"taxonomy":"post_tag","embeddable":true,"href":"https:\/\/infois.ro\/index.php?rest_route=%2Fwp%2Fv2%2Ftags&post=21929"}],"curies":[{"name":"wp","href":"https:\/\/api.w.org\/{rel}","templated":true}]}}