{"id":22044,"date":"2016-02-22T12:53:32","date_gmt":"2016-02-22T10:53:32","guid":{"rendered":"http:\/\/infois.ro\/?p=22044"},"modified":"2016-02-22T12:53:32","modified_gmt":"2016-02-22T10:53:32","slug":"primarul-interimar-mihai-chirica-s-a-intalnit-cu-reprezentantii-breslei-constructorilor-si-ai-ordinului-arhitectilor","status":"publish","type":"post","link":"https:\/\/infois.ro\/?p=22044","title":{"rendered":"Primarul interimar Mihai Chirica s-a \u00eent\u00e2lnit cu reprezentan\u0163ii Breslei Constructorilor \u015fi ai Ordinului Arhitec\u0163ilor"},"content":{"rendered":"<p style=\"text-align: justify;\"><a href=\"http:\/\/infois.ro\/wp-content\/uploads\/2016\/02\/breasla-constructorilor.jpg\"><img loading=\"lazy\" decoding=\"async\" class=\"alignleft  wp-image-22045\" src=\"http:\/\/infois.ro\/wp-content\/uploads\/2016\/02\/breasla-constructorilor.jpg\" alt=\"breasla constructorilor\" width=\"308\" height=\"192\" srcset=\"https:\/\/infois.ro\/wp-content\/uploads\/2016\/02\/breasla-constructorilor.jpg 640w, https:\/\/infois.ro\/wp-content\/uploads\/2016\/02\/breasla-constructorilor-300x186.jpg 300w\" sizes=\"(max-width: 308px) 100vw, 308px\" \/><\/a><\/p>\n<p style=\"text-align: justify;\">La sf\u00e2r\u0219itul s\u0103pt\u0103m\u00e2nii trecute, primarul interimar Mihai Chirica, a avut o \u00eent\u00e2lnire cu reprezentan\u0163ii Breslei Constructorilor Ie\u015feni \u015fi cei ai Ordinului Arhitec\u0163ilor din Rom\u00e2nia &#8211; filiala Ia\u015fi, ac\u021biune care a deschis seria consult\u0103rilor directe ini\u021biate de conducerea municipalit\u0103\u021bii cu reprezentan\u021bii comunit\u0103\u021bii locale de afaceri pe marginea proiectelor de dezvoltare a ora\u015fului. \u201cAceasta este prima \u00eent\u00e2lnire cu reprezentan\u0163i ai comunit\u0103\u0163ii de afaceri din Ia\u015fi, iar consult\u0103rile cu institu\u0163ii \u015fi asocia\u0163ii reprezentative ale mediului de afaceri vor continua. Nu inten\u0163ion\u0103m s\u0103 ne substituim altor institu\u0163ii cu rol \u00een coagularea eforturilor investitorilor ie\u015feni, ci dimpotriv\u0103, dorim s\u0103 colabor\u0103m cu acestea, consider\u00e2nd c\u0103 se impune existen\u0163a unui sistem de comunicare real \u015fi onest \u00eentre municipalitate \u015fi comunitatea de business\u201d, a precizat primarul interimar Mihai Chirica. \u00cen cadrul discu\u0163iilor cu reprezentan\u0163ii Breslei Constructorilor \u015fi ai Ordinului Arhitec\u0163ilor\u00a0 au fost abordate probleme \u0163in\u00e2nd de necesitatea ini\u0163ierii \u015fi implement\u0103rii unor proiecte de reabilitare \u015fi revitalizare urban\u0103, de conservare a mediului, precum \u015fi de simplificare a procedurilor de ob\u0163inere a cazierului fiscal. De asemenea, s-a eviden\u0163iat necesitatea implement\u0103rii unui mecanism care s\u0103 conduc\u0103 la o verificare temeinic\u0103 \u015fi profesionist\u0103 a documenta\u0163iilor tehnice pentru proiectele prezentate spre avizare, inclusiv cu eliminarea unor elemente de incompatibilitate dintre proiectan\u0163i \u015fi verificatori.<\/p>\n<p style=\"text-align: justify;\">\n","protected":false},"excerpt":{"rendered":"<p>La sf\u00e2r\u0219itul s\u0103pt\u0103m\u00e2nii trecute, primarul interimar Mihai Chirica, a avut o \u00eent\u00e2lnire cu reprezentan\u0163ii Breslei&#8230; <a class=\"meta-more\" href=\"https:\/\/infois.ro\/?p=22044\">more <span class=\"meta-nav\">&raquo;<\/span><\/a><\/p>\n","protected":false},"author":2,"featured_media":22045,"comment_status":"open","ping_status":"closed","sticky":false,"template":"","format":"standard","meta":{"footnotes":""},"categories":[1],"tags":[74,7954,40,477,7955,296],"aioseo_notices":[],"_links":{"self":[{"href":"https:\/\/infois.ro\/index.php?rest_route=\/wp\/v2\/posts\/22044"}],"collection":[{"href":"https:\/\/infois.ro\/index.php?rest_route=\/wp\/v2\/posts"}],"about":[{"href":"https:\/\/infois.ro\/index.php?rest_route=\/wp\/v2\/types\/post"}],"author":[{"embeddable":true,"href":"https:\/\/infois.ro\/index.php?rest_route=\/wp\/v2\/users\/2"}],"replies":[{"embeddable":true,"href":"https:\/\/infois.ro\/index.php?rest_route=%2Fwp%2Fv2%2Fcomments&post=22044"}],"version-history":[{"count":1,"href":"https:\/\/infois.ro\/index.php?rest_route=\/wp\/v2\/posts\/22044\/revisions"}],"predecessor-version":[{"id":22046,"href":"https:\/\/infois.ro\/index.php?rest_route=\/wp\/v2\/posts\/22044\/revisions\/22046"}],"wp:featuredmedia":[{"embeddable":true,"href":"https:\/\/infois.ro\/index.php?rest_route=\/wp\/v2\/media\/22045"}],"wp:attachment":[{"href":"https:\/\/infois.ro\/index.php?rest_route=%2Fwp%2Fv2%2Fmedia&parent=22044"}],"wp:term":[{"taxonomy":"category","embeddable":true,"href":"https:\/\/infois.ro\/index.php?rest_route=%2Fwp%2Fv2%2Fcategories&post=22044"},{"taxonomy":"post_tag","embeddable":true,"href":"https:\/\/infois.ro\/index.php?rest_route=%2Fwp%2Fv2%2Ftags&post=22044"}],"curies":[{"name":"wp","href":"https:\/\/api.w.org\/{rel}","templated":true}]}}