{"id":22061,"date":"2016-02-22T20:34:50","date_gmt":"2016-02-22T18:34:50","guid":{"rendered":"http:\/\/infois.ro\/?p=22061"},"modified":"2016-02-22T20:43:19","modified_gmt":"2016-02-22T18:43:19","slug":"proiectul-parcarii-subterane-de-la-parcul-gulliver-nu-exista","status":"publish","type":"post","link":"https:\/\/infois.ro\/?p=22061","title":{"rendered":"Proiectul parc\u0103rii subterane de la Parcul Gulliver nu exist\u0103!"},"content":{"rendered":"<p style=\"text-align: justify;\"><a href=\"http:\/\/infois.ro\/wp-content\/uploads\/2016\/02\/parcul-gulliver.jpg\"><img loading=\"lazy\" decoding=\"async\" class=\"alignleft  wp-image-22062\" src=\"http:\/\/infois.ro\/wp-content\/uploads\/2016\/02\/parcul-gulliver.jpg\" alt=\"parcul-gulliver\" width=\"330\" height=\"248\" srcset=\"https:\/\/infois.ro\/wp-content\/uploads\/2016\/02\/parcul-gulliver.jpg 600w, https:\/\/infois.ro\/wp-content\/uploads\/2016\/02\/parcul-gulliver-300x225.jpg 300w\" sizes=\"(max-width: 330px) 100vw, 330px\" \/><\/a><\/p>\n<p style=\"text-align: justify;\">Ca urmare a unui articol publicat \u00eentr-un cotidian ie\u0219ean, \u00een care se avanseaz\u0103 ipoteza c\u0103 Prim\u0103ria municipiului Ia\u0219i lucreaz\u0103 la proiectul construirii unei parc\u0103ri subterane pe amplasamentul Parcului Gulliver, Biroul de Pres\u0103 al Prim\u0103riei Municipiului Ia\u0219i este abilitat s\u0103 fac\u0103 o serie de preciz\u0103ri.<\/p>\n<p style=\"text-align: justify;\">De\u0219i articolul se refer\u0103 \u00een mod explicit la \u201eun nou proiect exploziv\u201d la care municipalitatea ie\u0219ean\u0103 ar lucra \u201ecu maxim\u0103 discre\u0163ie, probabil pentru a nu sensibiliza opinia public\u0103\u201d, proiect privind \u201econstruirea unei mari parc\u0103ri subterane\u201d pe \u201eamplasamentul unde se afl\u0103 Parcul Gulliver (sau Horia, Clo\u015fca \u015fi Cri\u015fan)\u201d, \u00een fapt, nu este vorba de niciun proiect \u00een sensul propriu al termenului. Nu exist\u0103 la nivelul municipalit\u0103\u021bii un proiect tehnic \u0219i nici m\u0103car o tem\u0103 de proiectare referitoare la construirea unei parc\u0103ri \u00een zona men\u021bionat\u0103. Dup\u0103 cum autorul noteaz\u0103 \u00een articol, primarul interimar Mihai Chirica a sus\u021binut necesitatea &#8211; recunoscut\u0103, de altfel, de \u00eentreaga opinie public\u0103 &#8211; a construirii ori amenaj\u0103rii unor noi locuri de parcare \u00een zona central\u0103 a Ia\u0219ului, f\u0103r\u0103 a indica exact zona, iar purt\u0103torul de cuv\u00e2nt al Prim\u0103riei a vorbit doar de existen\u021ba unei simple \u201eidei\u201d. Necesitatea obiectiv\u0103 a unor noi locuri de parcare \u00een Centru \u0219i existen\u021ba unei simple \u201eidei\u201d nu demonstreaz\u0103 \u00een niciun fel teza c\u0103 Prim\u0103ria Municipiului Ia\u0219i ar preg\u0103ti vreun \u201eproiect exploziv\u201d \u00een condi\u021bii de \u201emaxim\u0103 discre\u021bie\u201d.<\/p>\n<p style=\"text-align: justify;\">\u00centr-adev\u0103r, \u00een raportul Planului de Mobilitate Urban\u0103 Durabil\u0103 (PMUD) \u201eau fost propuse pentru a fi realizate \u00een perioada 2016 &#8211; 2023 parc\u0103ri subterane, supraterane sau multietajate\u201d \u00een mai multe zone ale ora\u0219ului, \u00eens\u0103 acestea au doar statutul de propuneri. Este vorba, din nou, de \u201eidei\u201d care nu sunt prev\u0103zute \u00een programul de investi\u021bii al municipalit\u0103\u021bii \u0219i nu sunt \u00eenso\u021bite de documenta\u021biile tehnice \u0219i economice necesare, PMUD fiind, de altfel, un document aflat \u00eenc\u0103 \u00een dezbatere public\u0103.<\/p>\n<p style=\"text-align: justify;\">\u00cen urma experien\u021bei \u00een gestionarea proiectelor de infrastructur\u0103 care au impact asupra spa\u021biilor verzi \u0219i a comunit\u0103\u021bii ie\u0219ene, Biroul de Pres\u0103 al municipalit\u0103\u021bii subliniaz\u0103 c\u0103 Prim\u0103ria Municipiului Ia\u0219i va organiza dezbateri publice, \u00een care s\u0103 fie evaluate toate argumentele sociale, tehnice, ecologice, urbanistice etc., \u00eenainte de a include astfel de proiecte \u00een lista viitoarelor investi\u021bii.<\/p>\n","protected":false},"excerpt":{"rendered":"<p>Ca urmare a unui articol publicat \u00eentr-un cotidian ie\u0219ean, \u00een care se avanseaz\u0103 ipoteza c\u0103&#8230; <a class=\"meta-more\" href=\"https:\/\/infois.ro\/?p=22061\">more <span class=\"meta-nav\">&raquo;<\/span><\/a><\/p>\n","protected":false},"author":2,"featured_media":22062,"comment_status":"open","ping_status":"closed","sticky":false,"template":"","format":"standard","meta":{"footnotes":""},"categories":[1],"tags":[1841,40,2476,296],"aioseo_notices":[],"_links":{"self":[{"href":"https:\/\/infois.ro\/index.php?rest_route=\/wp\/v2\/posts\/22061"}],"collection":[{"href":"https:\/\/infois.ro\/index.php?rest_route=\/wp\/v2\/posts"}],"about":[{"href":"https:\/\/infois.ro\/index.php?rest_route=\/wp\/v2\/types\/post"}],"author":[{"embeddable":true,"href":"https:\/\/infois.ro\/index.php?rest_route=\/wp\/v2\/users\/2"}],"replies":[{"embeddable":true,"href":"https:\/\/infois.ro\/index.php?rest_route=%2Fwp%2Fv2%2Fcomments&post=22061"}],"version-history":[{"count":3,"href":"https:\/\/infois.ro\/index.php?rest_route=\/wp\/v2\/posts\/22061\/revisions"}],"predecessor-version":[{"id":22066,"href":"https:\/\/infois.ro\/index.php?rest_route=\/wp\/v2\/posts\/22061\/revisions\/22066"}],"wp:featuredmedia":[{"embeddable":true,"href":"https:\/\/infois.ro\/index.php?rest_route=\/wp\/v2\/media\/22062"}],"wp:attachment":[{"href":"https:\/\/infois.ro\/index.php?rest_route=%2Fwp%2Fv2%2Fmedia&parent=22061"}],"wp:term":[{"taxonomy":"category","embeddable":true,"href":"https:\/\/infois.ro\/index.php?rest_route=%2Fwp%2Fv2%2Fcategories&post=22061"},{"taxonomy":"post_tag","embeddable":true,"href":"https:\/\/infois.ro\/index.php?rest_route=%2Fwp%2Fv2%2Ftags&post=22061"}],"curies":[{"name":"wp","href":"https:\/\/api.w.org\/{rel}","templated":true}]}}