{"id":22100,"date":"2016-02-25T10:07:36","date_gmt":"2016-02-25T08:07:36","guid":{"rendered":"http:\/\/infois.ro\/?p=22100"},"modified":"2016-02-25T10:07:36","modified_gmt":"2016-02-25T08:07:36","slug":"proiectul-privind-realizarea-sistemului-de-management-integrat-al-deseurilor-in-judetul-iasi-finalizat-in-proportie-de-90","status":"publish","type":"post","link":"https:\/\/infois.ro\/?p=22100","title":{"rendered":"Proiectul privind realizarea sistemului de management integrat al de\u0219eurilor \u00een jude\u021bul Ia\u0219i, finalizat \u00een propor\u021bie de 90%"},"content":{"rendered":"<p style=\"text-align: justify;\"><a href=\"http:\/\/infois.ro\/wp-content\/uploads\/2016\/02\/deseuri.jpg\"><img loading=\"lazy\" decoding=\"async\" class=\"alignleft  wp-image-22101\" src=\"http:\/\/infois.ro\/wp-content\/uploads\/2016\/02\/deseuri.jpg\" alt=\"deseuri\" width=\"372\" height=\"246\" srcset=\"https:\/\/infois.ro\/wp-content\/uploads\/2016\/02\/deseuri.jpg 640w, https:\/\/infois.ro\/wp-content\/uploads\/2016\/02\/deseuri-300x198.jpg 300w\" sizes=\"(max-width: 372px) 100vw, 372px\" \/><\/a><\/p>\n<p style=\"text-align: justify;\">Pre\u015fedintele interimar al Consiliului Jude\u0163ean (CJ) Ia\u015fi, Victorel Lupu, a efectuat miercuri, 24 februarie, o vizit\u0103 de lucru pentru a vedea stadiul realiz\u0103rii lucr\u0103rilor din cadrul proiectului \u201cSistem de Management Integrat al De\u015feurilor \u00een jude\u0163ul Ia\u015fi\u201d. Proiectul este co-finan\u0163at de Uniunea European\u0103 prin POS \u2013 Mediu Axa Prioritar\u0103 2, Domeniul Major de Interven\u0163ie 1 \u015fi are o valoare total\u0103 de 69.350.207 de euro. Obiectivele vizitate sunt cuprinse \u00een capitolul \u201dExtindere \u015fi Modernizare Centru de Management al De\u015feurilor \u00een jude\u0163ul Ia\u015fi\u201d, care vizeaz\u0103 extinderea capacit\u0103\u021bii Sta\u021biei de sortare a de\u0219eurilor menejere de la \u021au\u021bora \u0219i construc\u021bia Sta\u021biei de tratare mecano-biologic\u0103, cu o capacitate de 140.000 de tone\/an, \u201d\u00cen urma discu\u0163iilor purtate cu proiectantul (SC Iasicon SA), constructorul \u015fi consultan\u0163a \u015fi a vizualiz\u0103rii la fa\u0163a locului s-a constatat faptul c\u0103 obiectivele cuprinse \u00een contract au un grad de realizare de peste 90%, urm\u00e2nd ca \u00een aceast\u0103 prim\u0103var\u0103 s\u0103 fie finalizat \u00eentreg contractul.De men\u0163ionat este faptul c\u0103 de\u015feurile vor fi tratate \u015fi neutralizate \u00een sta\u0163ia de tratare mecano \u2013 biologic, care are o capacitate de 140.000 tone \/ an,\u00a0 fiind cea mai mare sta\u0163ie de acest fel din Rom\u00e2nia. Astfel de sta\u0163ii func\u0163ionez\u0103 \u00een \u0163\u0103ri precum Austria (la peste 1.500 km fa\u0163\u0103 de Ia\u015fi), Fran\u0163a, Spania \u0219i Italia\u201d, se precizeaz\u0103 \u00eentr-un comunicat al Biroului d epres\u0103 al CJ Ia\u0219i.<\/p>\n","protected":false},"excerpt":{"rendered":"<p>Pre\u015fedintele interimar al Consiliului Jude\u0163ean (CJ) Ia\u015fi, Victorel Lupu, a efectuat miercuri, 24 februarie, o&#8230; <a class=\"meta-more\" href=\"https:\/\/infois.ro\/?p=22100\">more <span class=\"meta-nav\">&raquo;<\/span><\/a><\/p>\n","protected":false},"author":2,"featured_media":22101,"comment_status":"open","ping_status":"closed","sticky":false,"template":"","format":"standard","meta":{"footnotes":""},"categories":[6],"tags":[7419,40,3863,3112,7968],"aioseo_notices":[],"_links":{"self":[{"href":"https:\/\/infois.ro\/index.php?rest_route=\/wp\/v2\/posts\/22100"}],"collection":[{"href":"https:\/\/infois.ro\/index.php?rest_route=\/wp\/v2\/posts"}],"about":[{"href":"https:\/\/infois.ro\/index.php?rest_route=\/wp\/v2\/types\/post"}],"author":[{"embeddable":true,"href":"https:\/\/infois.ro\/index.php?rest_route=\/wp\/v2\/users\/2"}],"replies":[{"embeddable":true,"href":"https:\/\/infois.ro\/index.php?rest_route=%2Fwp%2Fv2%2Fcomments&post=22100"}],"version-history":[{"count":1,"href":"https:\/\/infois.ro\/index.php?rest_route=\/wp\/v2\/posts\/22100\/revisions"}],"predecessor-version":[{"id":22102,"href":"https:\/\/infois.ro\/index.php?rest_route=\/wp\/v2\/posts\/22100\/revisions\/22102"}],"wp:featuredmedia":[{"embeddable":true,"href":"https:\/\/infois.ro\/index.php?rest_route=\/wp\/v2\/media\/22101"}],"wp:attachment":[{"href":"https:\/\/infois.ro\/index.php?rest_route=%2Fwp%2Fv2%2Fmedia&parent=22100"}],"wp:term":[{"taxonomy":"category","embeddable":true,"href":"https:\/\/infois.ro\/index.php?rest_route=%2Fwp%2Fv2%2Fcategories&post=22100"},{"taxonomy":"post_tag","embeddable":true,"href":"https:\/\/infois.ro\/index.php?rest_route=%2Fwp%2Fv2%2Ftags&post=22100"}],"curies":[{"name":"wp","href":"https:\/\/api.w.org\/{rel}","templated":true}]}}