{"id":22204,"date":"2016-03-02T06:38:16","date_gmt":"2016-03-02T04:38:16","guid":{"rendered":"http:\/\/infois.ro\/?p=22204"},"modified":"2016-03-02T06:38:16","modified_gmt":"2016-03-02T04:38:16","slug":"prefectul-marian-grigoras-s-a-intalnit-cu-reprezentantii-structurilor-mai-si-mapn","status":"publish","type":"post","link":"https:\/\/infois.ro\/?p=22204","title":{"rendered":"Prefectul Marian Grigora\u0219 s-a \u00eent\u00e2lnit cu reprezentan\u021bii structurilor MAI \u0219i MApN"},"content":{"rendered":"<p style=\"text-align: justify;\"><a href=\"http:\/\/infois.ro\/wp-content\/uploads\/2016\/02\/marian-grigoras.jpg\"><img loading=\"lazy\" decoding=\"async\" class=\"alignleft  wp-image-22042\" src=\"http:\/\/infois.ro\/wp-content\/uploads\/2016\/02\/marian-grigoras.jpg\" alt=\"marian grigoras\" width=\"259\" height=\"173\" srcset=\"https:\/\/infois.ro\/wp-content\/uploads\/2016\/02\/marian-grigoras.jpg 640w, https:\/\/infois.ro\/wp-content\/uploads\/2016\/02\/marian-grigoras-300x200.jpg 300w\" sizes=\"(max-width: 259px) 100vw, 259px\" \/><\/a><\/p>\n<p style=\"text-align: justify;\">Prefectul jude\u021bului Ia\u0219i, Marian Grigora\u0219, a continuat \u00een aceast\u0103 s\u0103pt\u0103m\u00e2n\u0103 seria \u00eent\u00e2lnirilor cu \u0219efii structurilor deconcentrate. Astfel, mar\u021bi, 1 martie, reprezentantul Guvernului \u00een teritoriu a participat, la sediul Institu\u021biei Prefectului,\u00a0 la \u0219edin\u021ba informal\u0103 cu reprezentan\u021bii Inspectoratului de Poli\u021bie Jude\u021bean Ia\u0219i, ai Inspectoratului Jude\u021bean de Jandarmi, ai Inspectoratului Jude\u021bean pentru Situa\u021bii de Urgen\u021b\u0103, ai Inspectoratului Teritorial al Poli\u021biei de Frontier\u0103, ai Structurii Teritoriale pentru Probleme Speciale, ai Centrului Regional de Prevenire, Evaluare \u0219i Consiliere Antidrog Ia\u0219i, ai Serviciului Jude\u021bean Ia\u0219i al Arhivelor Na\u021bionale, ai Centrului Militar Zonal Ia\u0219i \u0219i ai Brig\u0103zii 15 Mecanizate Ia\u0219i. \u201dAm dorit ca la a doua \u00eent\u00e2lnire cu serviciile deconcentrate s\u0103 fie invitate structurile din cadrul Ministerului Afacerilor Interne \u0219i din cadrul Ministerului Ap\u0103r\u0103rii Na\u021bionale. Sunt servicii vitale \u00een ceea ce prive\u0219te men\u021binerea lini\u0219tii \u0219i ordinii publice, situa\u021biile de urgen\u021b\u0103, c\u00e2teva din atribu\u021biile principale ale reprezentantului Guvernului \u00een teritoriu. Am luat act de activitatea acestor institu\u021bii \u0219i am stabilit o procedur\u0103 clar\u0103 de informare \u0219i ac\u021biune pentru situa\u021biile speciale \u00een care aceste unit\u0103\u021bi se pot g\u0103si\u201d, a declarat prefectul Marian Grigora\u0219. Potrivit Biroului de pres\u0103 al Institu\u021biei Prefectului, \u00een cadrul \u00eent\u00e2lnirii au fost abordate \u0219i subiecte precum tensiunile sociale legate de situa\u021bia Fortus, organizarea \u00een deplin\u0103 legalitate a alegerilor locale, m\u0103suri necesare privind cre\u0219terea gradului de siguran\u021b\u0103 a cet\u0103\u021beanului. Totodat\u0103, s-a discutat \u0219i despre problemele ridicate de existen\u021ba \u00een spa\u021biul Prefecturii a biroului Autorit\u0103\u021bii Na\u021bionale pentru Cet\u0103\u021benie, ceea ce determin\u0103 un aflux mare de persoane din Republica Moldova, Ucraina. S\u0103pt\u0103m\u00e2na trecut\u0103, prefectul Marian Grigora\u0219 s-a \u00eent\u00e2lnit cu reprezentan\u021bi ai structurilor deconcentrate \u0219i ai unor institu\u021bii publice din domeniul s\u0103n\u0103t\u0103\u021bii.<\/p>\n","protected":false},"excerpt":{"rendered":"<p>Prefectul jude\u021bului Ia\u0219i, Marian Grigora\u0219, a continuat \u00een aceast\u0103 s\u0103pt\u0103m\u00e2n\u0103 seria \u00eent\u00e2lnirilor cu \u0219efii structurilor&#8230; <a class=\"meta-more\" href=\"https:\/\/infois.ro\/?p=22204\">more <span class=\"meta-nav\">&raquo;<\/span><\/a><\/p>\n","protected":false},"author":2,"featured_media":22042,"comment_status":"open","ping_status":"closed","sticky":false,"template":"","format":"standard","meta":{"footnotes":""},"categories":[1],"tags":[40,2830,7990,249,7989],"aioseo_notices":[],"_links":{"self":[{"href":"https:\/\/infois.ro\/index.php?rest_route=\/wp\/v2\/posts\/22204"}],"collection":[{"href":"https:\/\/infois.ro\/index.php?rest_route=\/wp\/v2\/posts"}],"about":[{"href":"https:\/\/infois.ro\/index.php?rest_route=\/wp\/v2\/types\/post"}],"author":[{"embeddable":true,"href":"https:\/\/infois.ro\/index.php?rest_route=\/wp\/v2\/users\/2"}],"replies":[{"embeddable":true,"href":"https:\/\/infois.ro\/index.php?rest_route=%2Fwp%2Fv2%2Fcomments&post=22204"}],"version-history":[{"count":1,"href":"https:\/\/infois.ro\/index.php?rest_route=\/wp\/v2\/posts\/22204\/revisions"}],"predecessor-version":[{"id":22205,"href":"https:\/\/infois.ro\/index.php?rest_route=\/wp\/v2\/posts\/22204\/revisions\/22205"}],"wp:featuredmedia":[{"embeddable":true,"href":"https:\/\/infois.ro\/index.php?rest_route=\/wp\/v2\/media\/22042"}],"wp:attachment":[{"href":"https:\/\/infois.ro\/index.php?rest_route=%2Fwp%2Fv2%2Fmedia&parent=22204"}],"wp:term":[{"taxonomy":"category","embeddable":true,"href":"https:\/\/infois.ro\/index.php?rest_route=%2Fwp%2Fv2%2Fcategories&post=22204"},{"taxonomy":"post_tag","embeddable":true,"href":"https:\/\/infois.ro\/index.php?rest_route=%2Fwp%2Fv2%2Ftags&post=22204"}],"curies":[{"name":"wp","href":"https:\/\/api.w.org\/{rel}","templated":true}]}}