{"id":2221,"date":"2012-10-11T17:28:21","date_gmt":"2012-10-11T14:28:21","guid":{"rendered":"http:\/\/infois.ro\/?p=2221"},"modified":"2012-10-11T17:28:21","modified_gmt":"2012-10-11T14:28:21","slug":"iesenii-pot-afla-de-pe-site-ul-prefecturii-numarul-sectiei-unde-vor-putea-vota-la-alegerile-parlamentare","status":"publish","type":"post","link":"https:\/\/infois.ro\/?p=2221","title":{"rendered":"Ie\u0219enii pot afla de pe site-ul Prefecturii num\u0103rul sec\u021biei unde vor putea vota la alegerile parlamentare"},"content":{"rendered":"<p style=\"text-align: justify;\"><a class=\"highslide\" onclick=\"return vz.expand(this)\" href=\"http:\/\/infois.ro\/wp-content\/uploads\/2012\/10\/sectii-online.jpg\"><img loading=\"lazy\" decoding=\"async\" class=\"alignleft size-large wp-image-2222\" title=\"sectii online\" src=\"http:\/\/infois.ro\/wp-content\/uploads\/cache\/2012\/10\/sectii-online\/1862839749.jpg\" alt=\"\" width=\"560\" height=\"316\" \/><\/a>Ie\u015fenii pot verifica pe site-ul Institu\u0163iei Prefectului Jude\u021bului Ia\u0219i,\u00a0<a href=\"http:\/\/www.prefecturaiasi.ro\/\" target=\"_blank\">www.prefecturaiasi.ro<\/a>, sec\u0163ia la care vor trebui s\u0103 voteze la alegerile parlamentare din 9 decembrie. \u201dDeocamdat\u0103 au fost afi\u015fate doar sec\u0163iile de pe raza municipiului Ia\u0219i. Urmeaz\u0103 ca \u00een perioada urm\u0103toare s\u0103 fie puse la dispozi\u0163ia ie\u015fenilor \u015fi datele cu delimitarea sec\u0163iilor din jude\u0163. Vor exista \u015fi publica\u0163ii, tip\u0103rite, cu arondarea pe sec\u0163ii de votare. Acestea vor fi afi\u015fate la sediul prim\u0103riilor din teritoriu, la sec\u0163iile de votare, \u00een mijloacele de transport \u00een comun \u015fi \u00een locurile de afi\u015faj electoral\u201d, a declarat Felix Guzg\u0103, purt\u0103torul de cuv\u00e2nt al Institu\u021biei Prefectului Jude\u021bului Ia\u0219i.<\/p>\n","protected":false},"excerpt":{"rendered":"<p>Ie\u015fenii pot verifica pe site-ul Institu\u0163iei Prefectului Jude\u021bului Ia\u0219i,\u00a0www.prefecturaiasi.ro, sec\u0163ia la care vor trebui s\u0103&#8230; <a class=\"meta-more\" href=\"https:\/\/infois.ro\/?p=2221\">more <span class=\"meta-nav\">&raquo;<\/span><\/a><\/p>\n","protected":false},"author":2,"featured_media":2222,"comment_status":"open","ping_status":"open","sticky":false,"template":"","format":"standard","meta":{"footnotes":""},"categories":[1,41],"tags":[74,900,446],"aioseo_notices":[],"_links":{"self":[{"href":"https:\/\/infois.ro\/index.php?rest_route=\/wp\/v2\/posts\/2221"}],"collection":[{"href":"https:\/\/infois.ro\/index.php?rest_route=\/wp\/v2\/posts"}],"about":[{"href":"https:\/\/infois.ro\/index.php?rest_route=\/wp\/v2\/types\/post"}],"author":[{"embeddable":true,"href":"https:\/\/infois.ro\/index.php?rest_route=\/wp\/v2\/users\/2"}],"replies":[{"embeddable":true,"href":"https:\/\/infois.ro\/index.php?rest_route=%2Fwp%2Fv2%2Fcomments&post=2221"}],"version-history":[{"count":1,"href":"https:\/\/infois.ro\/index.php?rest_route=\/wp\/v2\/posts\/2221\/revisions"}],"predecessor-version":[{"id":2223,"href":"https:\/\/infois.ro\/index.php?rest_route=\/wp\/v2\/posts\/2221\/revisions\/2223"}],"wp:featuredmedia":[{"embeddable":true,"href":"https:\/\/infois.ro\/index.php?rest_route=\/wp\/v2\/media\/2222"}],"wp:attachment":[{"href":"https:\/\/infois.ro\/index.php?rest_route=%2Fwp%2Fv2%2Fmedia&parent=2221"}],"wp:term":[{"taxonomy":"category","embeddable":true,"href":"https:\/\/infois.ro\/index.php?rest_route=%2Fwp%2Fv2%2Fcategories&post=2221"},{"taxonomy":"post_tag","embeddable":true,"href":"https:\/\/infois.ro\/index.php?rest_route=%2Fwp%2Fv2%2Ftags&post=2221"}],"curies":[{"name":"wp","href":"https:\/\/api.w.org\/{rel}","templated":true}]}}