{"id":22228,"date":"2016-03-03T11:07:00","date_gmt":"2016-03-03T09:07:00","guid":{"rendered":"http:\/\/infois.ro\/?p=22228"},"modified":"2016-03-03T11:07:00","modified_gmt":"2016-03-03T09:07:00","slug":"prefectul-continua-seria-intalnirilor-cu-sefii-serviciilor-deconcentrate-din-teritoriu","status":"publish","type":"post","link":"https:\/\/infois.ro\/?p=22228","title":{"rendered":"Prefectul continu\u0103 seria \u00eent\u00e2lnirilor cu \u0219efii serviciilor deconcentrate din teritoriu"},"content":{"rendered":"<p style=\"text-align: justify;\"><a href=\"http:\/\/infois.ro\/wp-content\/uploads\/2016\/02\/grigoras.jpg\"><img loading=\"lazy\" decoding=\"async\" class=\"alignleft  wp-image-22012\" src=\"http:\/\/infois.ro\/wp-content\/uploads\/2016\/02\/grigoras.jpg\" alt=\"grigoras\" width=\"285\" height=\"288\" srcset=\"https:\/\/infois.ro\/wp-content\/uploads\/2016\/02\/grigoras.jpg 640w, https:\/\/infois.ro\/wp-content\/uploads\/2016\/02\/grigoras-296x300.jpg 296w, https:\/\/infois.ro\/wp-content\/uploads\/2016\/02\/grigoras-80x80.jpg 80w, https:\/\/infois.ro\/wp-content\/uploads\/2016\/02\/grigoras-100x100.jpg 100w\" sizes=\"(max-width: 285px) 100vw, 285px\" \/><\/a><\/p>\n<p style=\"text-align: justify;\">Prefectul jude\u021bului Ia\u0219i, Marian Grigora\u0219, a continuat, miercuri, seria \u00eent\u00e2lnirilor cu \u0219efii serviciilor deconcentrate din teritoriu, la \u0219edin\u021ba informal\u0103 convocat\u0103 de reprezentantul Guvernului \u00een teritoriu fiind prezen\u021bi, de aceast\u0103 dat\u0103, reprezentan\u021bii Direc\u021biei Generale Regionale a Finan\u021belor Publice, Direc\u021biei Regionale Vamale, Biroului Vamal de Frontier\u0103, Oficiului Registrului Comer\u021bului de pe l\u00e2ng\u0103 Tribunalul Ia\u0219i, Oficiului Teritorial pentru \u00centreprinderi Mici, Mijlocii \u0219i Coopera\u021bie, Comisariatului Regional pentru Protec\u021bia Consumatorilor &#8211; Regiunea Nord-Est \u0219i cei ai Comisariatului Jude\u021bean pentru Protec\u021bia Consumatorilor Ia\u0219i. \u201dAm discutat despre dificult\u0103\u021bile cu care se confrunt\u0103 aceste institu\u021bii \u00een activitatea curent\u0103, precum spa\u021biile insuficiente, lipsa de personal sau partea de salarizare, dar \u0219i despre suprapunerile legislative, vidul legislativ ce afecteaz\u0103 uneori buna func\u021bionare a institu\u021biilor. I-am asigurat pe to\u021bi cei prezen\u021bi c\u0103 Institu\u021bia Prefectului va sus\u021bine \u0219i va transmite autorit\u0103\u021bilor centrale toate propunerile privind modific\u0103rile legislative necesare \u00eembun\u0103t\u0103\u021birii activit\u0103\u021bii\u201d, a declarat, la finalul \u00eent\u00e2lnirii, prefectul Marian Grigora\u0219. Potrivit Biroului de pres\u0103 al Institu\u021biei Prefectului Jude\u021bului Ia\u0219i, alte subiecte abordate \u00een cadrul \u0219edin\u021bei informale desf\u0103\u0219urat\u0103 miercuri au vizat aspecte privind cre\u0219terea veniturilor la bugetul de stat, prin \u00eembun\u0103t\u0103\u021birea gradului de colectare a taxelor \u0219i impozitelor, simplificarea modalit\u0103\u021bilor de plat\u0103 a impozitelor \u0219i taxelor sau crearea Ghi\u0219eelor Unice.<\/p>\n","protected":false},"excerpt":{"rendered":"<p>Prefectul jude\u021bului Ia\u0219i, Marian Grigora\u0219, a continuat, miercuri, seria \u00eent\u00e2lnirilor cu \u0219efii serviciilor deconcentrate din&#8230; <a class=\"meta-more\" href=\"https:\/\/infois.ro\/?p=22228\">more <span class=\"meta-nav\">&raquo;<\/span><\/a><\/p>\n","protected":false},"author":2,"featured_media":22012,"comment_status":"open","ping_status":"closed","sticky":false,"template":"","format":"standard","meta":{"footnotes":""},"categories":[1],"tags":[40,446,4205,7996],"aioseo_notices":[],"_links":{"self":[{"href":"https:\/\/infois.ro\/index.php?rest_route=\/wp\/v2\/posts\/22228"}],"collection":[{"href":"https:\/\/infois.ro\/index.php?rest_route=\/wp\/v2\/posts"}],"about":[{"href":"https:\/\/infois.ro\/index.php?rest_route=\/wp\/v2\/types\/post"}],"author":[{"embeddable":true,"href":"https:\/\/infois.ro\/index.php?rest_route=\/wp\/v2\/users\/2"}],"replies":[{"embeddable":true,"href":"https:\/\/infois.ro\/index.php?rest_route=%2Fwp%2Fv2%2Fcomments&post=22228"}],"version-history":[{"count":1,"href":"https:\/\/infois.ro\/index.php?rest_route=\/wp\/v2\/posts\/22228\/revisions"}],"predecessor-version":[{"id":22229,"href":"https:\/\/infois.ro\/index.php?rest_route=\/wp\/v2\/posts\/22228\/revisions\/22229"}],"wp:featuredmedia":[{"embeddable":true,"href":"https:\/\/infois.ro\/index.php?rest_route=\/wp\/v2\/media\/22012"}],"wp:attachment":[{"href":"https:\/\/infois.ro\/index.php?rest_route=%2Fwp%2Fv2%2Fmedia&parent=22228"}],"wp:term":[{"taxonomy":"category","embeddable":true,"href":"https:\/\/infois.ro\/index.php?rest_route=%2Fwp%2Fv2%2Fcategories&post=22228"},{"taxonomy":"post_tag","embeddable":true,"href":"https:\/\/infois.ro\/index.php?rest_route=%2Fwp%2Fv2%2Ftags&post=22228"}],"curies":[{"name":"wp","href":"https:\/\/api.w.org\/{rel}","templated":true}]}}