{"id":22306,"date":"2016-03-08T10:50:16","date_gmt":"2016-03-08T08:50:16","guid":{"rendered":"http:\/\/infois.ro\/?p=22306"},"modified":"2016-03-08T10:50:16","modified_gmt":"2016-03-08T08:50:16","slug":"a-fost-aprobat-regulamentul-de-finantare-a-proiectelor-depuse-de-societatea-civila","status":"publish","type":"post","link":"https:\/\/infois.ro\/?p=22306","title":{"rendered":"A fost aprobat regulamentul de finan\u0163are a proiectelor depuse de societatea civil\u0103"},"content":{"rendered":"<p style=\"text-align: justify;\"><a href=\"http:\/\/infois.ro\/wp-content\/uploads\/2014\/08\/primaria-iasi1.jpg\"><img loading=\"lazy\" decoding=\"async\" class=\"alignleft  wp-image-12801\" src=\"http:\/\/infois.ro\/wp-content\/uploads\/2014\/08\/primaria-iasi1.jpg\" alt=\"primaria-iasi\" width=\"284\" height=\"213\" srcset=\"https:\/\/infois.ro\/wp-content\/uploads\/2014\/08\/primaria-iasi1.jpg 600w, https:\/\/infois.ro\/wp-content\/uploads\/2014\/08\/primaria-iasi1-300x225.jpg 300w\" sizes=\"(max-width: 284px) 100vw, 284px\" \/><\/a><\/p>\n<p style=\"text-align: justify;\">\u00centruni\u021bi \u00een \u0219edin\u021b\u0103 extraordinar\u0103, consilierii locali ie\u0219eni au aprobat luni, 7 martie, noul regulament de finan\u021bare a proiectelor \u00eenaintate de societatea civil\u0103 \u00een anul 2016. Documentul a fost elaborate \u00een urma mai multor consult\u0103ri \u0219i dezbateri publice care au avut loc \u00eentre reprezentan\u021bii municipalit\u0103\u021bii \u0219i cei ai principalelor organiza\u0163ii neguvernamentale. \u201dEste un nou regulament, un nou \u00eenceput, o nou\u0103 formul\u0103 de abordare. Ca elemente de noutate trebuie men\u021bionate posibilitatea finan\u0163\u0103rii de proiecte multianuale, \u00een limita a maxim 36 de luni, sc\u0103derea contribu\u0163iei organiza\u0163iilor neguvernamentale, dar nu mai pu\u0163in dec\u00e2t prevede legea, precum \u015fi \u00eencercarea g\u0103sirii acelui pachet de proiecte cu comisii pe fiecare categorie de ini\u021biative astfel \u00eenc\u00e2t acestea s\u0103 fie cu adev\u0103rat de folos ie\u015fenilor. De asemenea, un element important de noutate este posibilitatea ca Prim\u0103ria s\u0103 cofinan\u021beze proiecte de impact ale organiza\u0163iilor neguvernamentale depuse la finan\u021batori externi. Pe tema regulamentului am avut mai multe \u00eent\u00e2lniri \u00een 2015 cu aceste organiza\u0163ii, iar \u00een 2016, \u00een cadrul dezbaterilor despre buget, am organizat o consultare privind bugetul alocat finan\u021b\u0103rilor pe Legea 350 \/ 2005\u201d, a declarat, la finalul \u0219edin\u021bei, primarul interimar Mihai Chirica. Regulamentul de finan\u021bare a proiectelor societ\u0103\u021bii civile a fost \u00eentocmit \u00eempreun\u0103 cu membrii Comisiei ONG, constituit\u0103 din actorii cei mai activi din societatea civil\u0103 \u015fi parte a Consiliului de Dezvoltare Economic\u0103 \u015fi Social\u0103 a Jude\u021bului Ia\u015fi (un parteneriat \u00eentre Institu\u0163ia Prefectului Jude\u0163ului Ia\u015fi, Prim\u0103ria Municipiului Ia\u015fi \u015fi Consiliul Jude\u0163ean Ia\u015fi). Comisia ONG are \u00een prezent 33 de membri reprezent\u00e2nd organiza\u0163ii neguvernamentale din jude\u0163ul Ia\u015fi, conducerea acesteia fiind asigurat\u0103 de Angela Achi\u0163ei (Funda\u0163ia Al\u0103turi de Voi), ca pre\u015fedinte, Diana P\u0103iu\u015f (Funda\u0163ia Serviciilor Sociale Bethany), ca vicepre\u015fedinte, \u015fi Gabriela R\u0103ducanu (Funda\u0163ia Star of Hope Rom\u00e2nia), \u00een func\u021bia de secretar.<\/p>\n<p style=\"text-align: justify;\">\n","protected":false},"excerpt":{"rendered":"<p>\u00centruni\u021bi \u00een \u0219edin\u021b\u0103 extraordinar\u0103, consilierii locali ie\u0219eni au aprobat luni, 7 martie, noul regulament de&#8230; <a class=\"meta-more\" href=\"https:\/\/infois.ro\/?p=22306\">more <span class=\"meta-nav\">&raquo;<\/span><\/a><\/p>\n","protected":false},"author":2,"featured_media":12801,"comment_status":"open","ping_status":"closed","sticky":false,"template":"","format":"standard","meta":{"footnotes":""},"categories":[1,41],"tags":[74,2523,40,3112,3659,5053],"aioseo_notices":[],"_links":{"self":[{"href":"https:\/\/infois.ro\/index.php?rest_route=\/wp\/v2\/posts\/22306"}],"collection":[{"href":"https:\/\/infois.ro\/index.php?rest_route=\/wp\/v2\/posts"}],"about":[{"href":"https:\/\/infois.ro\/index.php?rest_route=\/wp\/v2\/types\/post"}],"author":[{"embeddable":true,"href":"https:\/\/infois.ro\/index.php?rest_route=\/wp\/v2\/users\/2"}],"replies":[{"embeddable":true,"href":"https:\/\/infois.ro\/index.php?rest_route=%2Fwp%2Fv2%2Fcomments&post=22306"}],"version-history":[{"count":1,"href":"https:\/\/infois.ro\/index.php?rest_route=\/wp\/v2\/posts\/22306\/revisions"}],"predecessor-version":[{"id":22307,"href":"https:\/\/infois.ro\/index.php?rest_route=\/wp\/v2\/posts\/22306\/revisions\/22307"}],"wp:featuredmedia":[{"embeddable":true,"href":"https:\/\/infois.ro\/index.php?rest_route=\/wp\/v2\/media\/12801"}],"wp:attachment":[{"href":"https:\/\/infois.ro\/index.php?rest_route=%2Fwp%2Fv2%2Fmedia&parent=22306"}],"wp:term":[{"taxonomy":"category","embeddable":true,"href":"https:\/\/infois.ro\/index.php?rest_route=%2Fwp%2Fv2%2Fcategories&post=22306"},{"taxonomy":"post_tag","embeddable":true,"href":"https:\/\/infois.ro\/index.php?rest_route=%2Fwp%2Fv2%2Ftags&post=22306"}],"curies":[{"name":"wp","href":"https:\/\/api.w.org\/{rel}","templated":true}]}}