{"id":22311,"date":"2016-03-08T10:57:06","date_gmt":"2016-03-08T08:57:06","guid":{"rendered":"http:\/\/infois.ro\/?p=22311"},"modified":"2016-03-08T10:57:06","modified_gmt":"2016-03-08T08:57:06","slug":"primaria-a-anuntat-lista-strazilor-din-municipiu-care-urmeaza-sa-fie-modernizate-in-acest-an","status":"publish","type":"post","link":"https:\/\/infois.ro\/?p=22311","title":{"rendered":"Prim\u0103ria a anun\u021bat lista str\u0103zilor din municipiu care urmeaz\u0103 s\u0103 fie modernizate \u00een acest an"},"content":{"rendered":"<p style=\"text-align: justify;\"><a href=\"http:\/\/infois.ro\/wp-content\/uploads\/2016\/03\/reparatii-strazi.jpg\"><img loading=\"lazy\" decoding=\"async\" class=\"alignleft  wp-image-22312\" src=\"http:\/\/infois.ro\/wp-content\/uploads\/2016\/03\/reparatii-strazi.jpg\" alt=\"reparatii strazi\" width=\"265\" height=\"176\" srcset=\"https:\/\/infois.ro\/wp-content\/uploads\/2016\/03\/reparatii-strazi.jpg 640w, https:\/\/infois.ro\/wp-content\/uploads\/2016\/03\/reparatii-strazi-300x199.jpg 300w\" sizes=\"(max-width: 265px) 100vw, 265px\" \/><\/a><\/p>\n<p style=\"text-align: justify;\">Primarul interimar Mihai Chirica a anun\u021bat c\u0103 \u00een perioada urm\u0103toare, municipalitatea va \u00eencepe lucr\u0103rile de reabilitare \u0219i modernizare a mai multor str\u0103zi din Ia\u0219i, cuprinse \u00een planul pentru acest an. \u00a0Potrivit edilului, \u00een acest moment sunt \u00een proiectare sunt urm\u0103toarele str\u0103zi: str. Sm\u00e2rdna, \u0218oseaua B\u00e2rnova, str. Constantrinescu, str. Petre Vancea, Bulevardul Prim\u0103verii, str. Mo\u0219u \u0219i str. Ogorului. Prin procedura de cerere de ofert\u0103, vor fi scoase la licita\u021bie lucr\u0103rile de modernizare a str\u0103zilor Viticultori (cartierul Copou), Aleea Tudor Nicolai, str. Gloria (cartierul Nicolina), str. Timpului, str. Podoloeanu (cartierul Moara de V\u00e2nt), str. Strugurilor, Aleea Strugurilor, Fundac Strugurilor, str. Poienilor, \u0218os. Ia\u0219i \u2013 Voine\u0219ti (cartierul Galata), str. Sem\u0103n\u0103torului, str. Alba Iulia (cartierul Crucea Ro\u0219ie). Str\u0103zi pentru care s-au demarat deja licita\u021bii pentru execu\u021bie: Fundac Socola, str. Caz\u0103rmilor, Fundac Bucium, str. Plopii f\u0103r\u0103 so\u021b, Fundac P\u0103un, str. Bucium, str. Iancu Bacalu, str. Petru Movil\u0103, str. Sf\u00e2ntul Andrei, str. T\u0103n\u0103sescu, str. Atelierului. Tot prin \u00a0procedura licita\u021biei deschise vor fi modernizate strada Gheorghe Asachi \u0219i Bulevardul Dimitrie Cantemir, pentru care Prim\u0103ria a finalizat deja studiile de fezabilitate. A fost reluat\u0103 procedura public\u0103 pentru reabilitarea infrastructurii rutiere \u00een Zona industrial\u0103 a municipiului Ia\u0219i, respectiv Splai Mal Drept Bahlui, \u00eentre Podul de Piatr\u0103 \u0219i Podul \u201dSf\u00e2ntul Ioan\u201d.<\/p>\n","protected":false},"excerpt":{"rendered":"<p>Primarul interimar Mihai Chirica a anun\u021bat c\u0103 \u00een perioada urm\u0103toare, municipalitatea va \u00eencepe lucr\u0103rile de&#8230; <a class=\"meta-more\" href=\"https:\/\/infois.ro\/?p=22311\">more <span class=\"meta-nav\">&raquo;<\/span><\/a><\/p>\n","protected":false},"author":2,"featured_media":22312,"comment_status":"open","ping_status":"closed","sticky":false,"template":"","format":"standard","meta":{"footnotes":""},"categories":[1,41],"tags":[74,40,846,296,3269,8014],"aioseo_notices":[],"_links":{"self":[{"href":"https:\/\/infois.ro\/index.php?rest_route=\/wp\/v2\/posts\/22311"}],"collection":[{"href":"https:\/\/infois.ro\/index.php?rest_route=\/wp\/v2\/posts"}],"about":[{"href":"https:\/\/infois.ro\/index.php?rest_route=\/wp\/v2\/types\/post"}],"author":[{"embeddable":true,"href":"https:\/\/infois.ro\/index.php?rest_route=\/wp\/v2\/users\/2"}],"replies":[{"embeddable":true,"href":"https:\/\/infois.ro\/index.php?rest_route=%2Fwp%2Fv2%2Fcomments&post=22311"}],"version-history":[{"count":1,"href":"https:\/\/infois.ro\/index.php?rest_route=\/wp\/v2\/posts\/22311\/revisions"}],"predecessor-version":[{"id":22313,"href":"https:\/\/infois.ro\/index.php?rest_route=\/wp\/v2\/posts\/22311\/revisions\/22313"}],"wp:featuredmedia":[{"embeddable":true,"href":"https:\/\/infois.ro\/index.php?rest_route=\/wp\/v2\/media\/22312"}],"wp:attachment":[{"href":"https:\/\/infois.ro\/index.php?rest_route=%2Fwp%2Fv2%2Fmedia&parent=22311"}],"wp:term":[{"taxonomy":"category","embeddable":true,"href":"https:\/\/infois.ro\/index.php?rest_route=%2Fwp%2Fv2%2Fcategories&post=22311"},{"taxonomy":"post_tag","embeddable":true,"href":"https:\/\/infois.ro\/index.php?rest_route=%2Fwp%2Fv2%2Ftags&post=22311"}],"curies":[{"name":"wp","href":"https:\/\/api.w.org\/{rel}","templated":true}]}}