{"id":22343,"date":"2016-03-10T11:10:35","date_gmt":"2016-03-10T09:10:35","guid":{"rendered":"http:\/\/infois.ro\/?p=22343"},"modified":"2016-03-10T11:10:35","modified_gmt":"2016-03-10T09:10:35","slug":"concurs-intre-asociatiile-de-proprietari-privind-curatenia-de-primavara","status":"publish","type":"post","link":"https:\/\/infois.ro\/?p=22343","title":{"rendered":"Concurs \u00eentre asocia\u021biile de proprietari privind cur\u0103\u021benia de prim\u0103var\u0103"},"content":{"rendered":"<p><a href=\"http:\/\/infois.ro\/wp-content\/uploads\/2016\/02\/mihai-chirica.jpg\"><img loading=\"lazy\" decoding=\"async\" class=\"wp-image-21745 alignleft\" src=\"http:\/\/infois.ro\/wp-content\/uploads\/2016\/02\/mihai-chirica.jpg\" alt=\"mihai chirica\" width=\"361\" height=\"203\" srcset=\"https:\/\/infois.ro\/wp-content\/uploads\/2016\/02\/mihai-chirica.jpg 640w, https:\/\/infois.ro\/wp-content\/uploads\/2016\/02\/mihai-chirica-300x168.jpg 300w, https:\/\/infois.ro\/wp-content\/uploads\/2016\/02\/mihai-chirica-140x80.jpg 140w\" sizes=\"(max-width: 361px) 100vw, 361px\" \/><\/a><\/p>\n<p style=\"text-align: justify;\">Prim\u0103ria a declan\u0219at \u00eencep\u00e2nd din aceast\u0103 s\u0103pt\u0103m\u00e2n\u0103 cur\u0103\u021benia de prim\u0103var\u0103 a ora\u0219ului, care \u00een acest an se va desf\u0103\u0219ura sub sloganul \u201dIa\u0219ul nostru curat\u201d. \u00cen acest sens, primarul interimar Mihai Chirica a f\u0103cut un apel c\u0103tre to\u021bi cet\u0103\u021benii s\u0103 se mobilizeze \u00een vederea particip\u0103rii la aceast\u0103 ac\u021biune. \u201dNu este o obliga\u021bie, ci este doar o atitudine civic\u0103 fa\u021b\u0103 de frumuse\u021bea pe care ne-o dorim acestui ora\u0219. Toate unit\u0103\u021bile din subordinea municipalit\u0103\u021bii vor participa la aceast\u0103 ac\u021biune. Vom continua programul de plantare a celor 10.000 de tei \u00een ora\u0219. De asemenea, vom fi planta\u021bi este 3.000 de arbori din alte specii (mesteac\u0103n, platin, stejar, casin, salc\u00e2m, frasin, pin \u0219i molid), 8.000 de arbu\u0219ti de foilose, 7.000 de fire de trandafir \u0219i peste 146.000 de metri p\u0103tra\u021bi de gazon. De asemenea, vom trece la amenajarea unor spa\u021bii verzi, pe str. Tabacului, Prof. Simionescu, \u00een zona T\u00e2rgu Cucului, \u00een zona Palatului Culturii, pe esplanada Alexandru cel Bun, \u00een Rond Podu Ro\u0219 \u0219i Parcul Expozi\u021biei. Totodat\u0103 nu vom neglija \u0219i cartierele din ora\u0219, respectiv zona Copou \u2013 Agronomie, Funda\u021bie 0 T\u00e2rgu Cucului, Canta \u2013 P\u0103curari, unde urmeaz\u0103 s\u0103 fie planta\u021bi 25 de arbori, 25 de metri de gard viu, 35 de arbu\u0219ti, peste o sut\u0103 de metri de borduri de buxus \u0219i 700 de metri p\u0103tra\u021bi, de gazon, Centru &#8211; Teatrul Na\u021bional \u2013 Palatul Culturii, unde vor fi planta\u021bi arbori, arbu\u0219ti \u0219i 350 de emtri p\u0103tra\u021bi de gazon, zona Casa Dosoftei, Biserica Sf\u00e2ntul Nicolae Domnesc. Bulevardul Socola, strada Bucium, Rond Podu de Piatr\u0103, esplanada Oancea, zona T\u0103t\u0103ra\u0219i Sud, Nicolina, Podu Ro\u0219 \u0219i altele. Nu au fost uitate nici locurile de joac\u0103 pentru copii \u0219i cimitirele, precum \u0219pi alte spa\u021bii publice\u201d, a anun\u021bat primarul interiamr Mihai Chiirca, miercuri, \u00eentr-o conferin\u021b\u0103 de pres\u0103. SC Citadin SA va avea \u00een aceast\u0103 perioad\u0103 un program sus\u021binut de lucru, at\u00e2t ziua c\u00e2t \u0219i noaptea, la plomb\u0103ri \u0219i asfalt\u0103ri de str\u0103zi. Potrivit \u0219efului municipalit\u0103\u021bii, se lucreaz\u0103 \u00een aceste zile pe Bulevardul Alexandru cel Bun, Bulevardul Prim\u0103verii, \u00a0Bulevardul Poitiers \u0219i \u00een cartiere.\u201dAvem \u00een vedere \u0219i Zona Industrial\u0103 \u0219i, de asemenea, zonele de agrement din municipiu. Am dat comanda pentru un program sus\u021binut de lucr\u0103ri \u00een zona Ciric, zona CA Rossetti \u0219i zona \u0219trandului, cu revopsirea bazinelor, refacerea gardurilor, repunerea b\u0103ncilor \u0219i celelalte m\u0103suri care trebuie luate, astfel \u00eenc\u00e2t s\u0103 preg\u0103tim debutul sezonului estival. Nimeni din cei care se ocup\u0103 de bunul mers al activit\u0103\u021bii ora\u0219ului nu scap\u0103 de acest program \u0219pi aici m\u0103 feref la regia de transport public, care are obliga\u021bia ca p\u00e2n\u0103 la 30 aprilie s\u0103 estetizeze toate mijloace de transport \u00een comun. De asemenea, p\u00e2n\u0103 la sf\u00e2r\u0219itula cestui sezon de cur\u0103\u021benie, sper\u0103m s\u0103 avem \u0219i uniformele pentru \u0219oferi, vatmani \u0219i controlori. Este un prim pas pentru o not\u0103 de civiliza\u021bie \u00een transportul public ie\u0219ean\u201d, a precizat primarul interiamr Mihai Chirica.\u00a0 De asemenea, va fi continaut programul anun\u021bat s\u0103pt\u0103m\u00e2na trecut\u0103 privind dezafectarea st\u00e2lpilor din ora\u0219. \u201dEste un program vast de cur\u0103\u021bire a st\u00e2lpilor d eiluminat public din Gr\u0103dina Copou, care va continua apoi cu Parcul Expozi\u021biei \u0219i celelalte parcuri din cartiere. \u00cencep\u00e2nd dina ceast\u0103 s\u0103pt\u0103m\u00e2n\u0103 am trecut \u0219i la vopsirea st\u00e2lpilor metalici din ora\u0219. Am \u00eenceput cu st\u00e2lpii din Pia\u021ba Independen\u021bei c\u0103tre T\u00e2rgu Cucului \u0219i vom continua cu cei de pe Elena Doamna, Buc\u0219inescu, strada Palat \u0219i \u00een celelalte zone ale ora\u0219ului\u201d, a afirmat edilul. Otrivit acestuia, cur\u0103\u021benmia de prim\u0103var\u0103 va continua p\u00e2n\u0103 pe 15 mai. \u201dAm trimis deja adrese c\u0103tre asocia\u021bii de proprietari, prin care le-am propus s\u0103 facem o echip\u0103 pentru acest program. Echipa const\u0103 \u00een aceea c\u0103 ac\u021biunile civice pe care asocia\u021biile de proprietari le vor face pentru cur\u0103\u021benia ora\u0219ului vor fi r\u0103spl\u0103tite. Am preg\u0103tit trei sec\u021biuni de premiere, cu c\u00e2te 20 de premii pentru fiecasre sec\u021biune \u2013 locul I, II \u0219i III, deci \u00een total 60 d epremii, \u00een care asocia\u021biile de proprietari vor fi premiate acolo unde \u00een urma punctajului ob\u021binut se vor clasa pe primele trei locuri. Premiile vor consta \u00een amenajarea de c\u0103tre noi a unor spa\u021bii pe care ei le vor propune cu mobilier urban de o calitate deosebit\u0103, spa\u021bii cu gazon, montarea de co\u0219uri de gunoi, \u0219i alte elemente care sunt necesare asocia\u021biilor de proprietari\u201d, a declarat\u00a0 edilul. \u00cen cadrul campaniei de cur\u0103\u021benie a ora\u0219ului vor fi cooptate \u00een acest an \u0219i firmele private. \u201dAm trimis deja invita\u021bii c\u0103tre companii de a se implica \u00een cur\u0103\u021benia de prim\u0103var\u0103 a ora\u0219ului. Multe dintre aceste companii au spus c\u0103 fac deja ac\u021biuni civice de acest fel pe raza ora\u0219ului, dar ar dori ca acest lucru s\u0103 se fac\u0103 printr-o comunicare mai bun\u0103 cu Prim\u0103ria. \u00cei a\u0219tept\u0103m, nu for\u021b\u0103m pe nimeni\u201d, a spus Mihai Chirica, care a ad\u0103ugat \u00een \u00een campanie vor fi implicate inclusiv spitalele ie\u0219ene, dar \u0219i Inspectoratul \u0218colar Jude\u021bean.<\/p>\n","protected":false},"excerpt":{"rendered":"<p>Prim\u0103ria a declan\u0219at \u00eencep\u00e2nd din aceast\u0103 s\u0103pt\u0103m\u00e2n\u0103 cur\u0103\u021benia de prim\u0103var\u0103 a ora\u0219ului, care \u00een acest&#8230; <a class=\"meta-more\" href=\"https:\/\/infois.ro\/?p=22343\">more <span class=\"meta-nav\">&raquo;<\/span><\/a><\/p>\n","protected":false},"author":2,"featured_media":21745,"comment_status":"open","ping_status":"closed","sticky":false,"template":"","format":"standard","meta":{"footnotes":""},"categories":[1,41],"tags":[74,3515,6785,40,296],"aioseo_notices":[],"_links":{"self":[{"href":"https:\/\/infois.ro\/index.php?rest_route=\/wp\/v2\/posts\/22343"}],"collection":[{"href":"https:\/\/infois.ro\/index.php?rest_route=\/wp\/v2\/posts"}],"about":[{"href":"https:\/\/infois.ro\/index.php?rest_route=\/wp\/v2\/types\/post"}],"author":[{"embeddable":true,"href":"https:\/\/infois.ro\/index.php?rest_route=\/wp\/v2\/users\/2"}],"replies":[{"embeddable":true,"href":"https:\/\/infois.ro\/index.php?rest_route=%2Fwp%2Fv2%2Fcomments&post=22343"}],"version-history":[{"count":1,"href":"https:\/\/infois.ro\/index.php?rest_route=\/wp\/v2\/posts\/22343\/revisions"}],"predecessor-version":[{"id":22344,"href":"https:\/\/infois.ro\/index.php?rest_route=\/wp\/v2\/posts\/22343\/revisions\/22344"}],"wp:featuredmedia":[{"embeddable":true,"href":"https:\/\/infois.ro\/index.php?rest_route=\/wp\/v2\/media\/21745"}],"wp:attachment":[{"href":"https:\/\/infois.ro\/index.php?rest_route=%2Fwp%2Fv2%2Fmedia&parent=22343"}],"wp:term":[{"taxonomy":"category","embeddable":true,"href":"https:\/\/infois.ro\/index.php?rest_route=%2Fwp%2Fv2%2Fcategories&post=22343"},{"taxonomy":"post_tag","embeddable":true,"href":"https:\/\/infois.ro\/index.php?rest_route=%2Fwp%2Fv2%2Ftags&post=22343"}],"curies":[{"name":"wp","href":"https:\/\/api.w.org\/{rel}","templated":true}]}}