{"id":22395,"date":"2016-03-15T09:39:15","date_gmt":"2016-03-15T07:39:15","guid":{"rendered":"http:\/\/infois.ro\/?p=22395"},"modified":"2016-03-15T09:39:15","modified_gmt":"2016-03-15T07:39:15","slug":"conferinta-privind-rolul-turismului-in-dezvoltarea-locala-si-regionala","status":"publish","type":"post","link":"https:\/\/infois.ro\/?p=22395","title":{"rendered":"Conferin\u021b\u0103 privind rolul turismului \u00een dezvoltarea locala \u0219i regional\u0103"},"content":{"rendered":"<p style=\"text-align: justify;\"><a href=\"http:\/\/infois.ro\/wp-content\/uploads\/2016\/03\/turism-regional.jpg\"><img loading=\"lazy\" decoding=\"async\" class=\"alignleft  wp-image-22396\" src=\"http:\/\/infois.ro\/wp-content\/uploads\/2016\/03\/turism-regional.jpg\" alt=\"turism regional\" width=\"256\" height=\"256\" \/><\/a><\/p>\n<p style=\"text-align: justify;\">Prim\u0103ria Municipiului Ia\u0219i organizeaz\u0103 \u00een perioada 17-18 martie, \u00een Sala \u201dGrigorescu\u201d a Hotelului Majestic, conferin\u021ba \u201dRolul turismului ca factor esen\u021bial \u00een dezvoltarea locala \u0219i regional\u0103\u201d. Evenimentul \u00ee\u015fi propune s\u0103 faciliteze integrarea strategiei de dezvoltare turistic\u0103 a municipiului Ia\u015fi \u00een context regional \u015fi na\u0163ional. \u201dPe parcursul celor dou\u0103 zile ale conferin\u0163ei vor fi abordate teme extrem de actuale: identificarea surselor de finan\u0163are pentru sectorul turistic, dezvoltarea infrastructurii ca mijloc de sus\u0163inere a turismului durabil, \u00eembun\u0103t\u0103\u0163irea politicilor de cooperare \u00eentre principalii actori din sectorul turismului, precum \u015fi \u00eentre ace\u015ftia \u015fi autorit\u0103\u0163i, transferul de bune practici dinspre regiuni \u015fi ora\u015fe europene cu expertiz\u0103 \u00een turismul durabil\u201d, precizeaz\u0103 organizatorii \u00eentr-un comunicat de pres\u0103. La manifest\u0103ri vor participa reprezentan\u021bi ai autorit\u0103\u021bilor locale, regionale \u0219i na\u021bionale, ai operatorilor de turism \u0219i ai structurilor asociative din domeniu, precum \u0219i speciali\u0219ti \u0219i universitari din Rom\u00e2nia \u0219i din str\u0103in\u0103tate.<\/p>\n","protected":false},"excerpt":{"rendered":"<p>Prim\u0103ria Municipiului Ia\u0219i organizeaz\u0103 \u00een perioada 17-18 martie, \u00een Sala \u201dGrigorescu\u201d a Hotelului Majestic, conferin\u021ba&#8230; <a class=\"meta-more\" href=\"https:\/\/infois.ro\/?p=22395\">more <span class=\"meta-nav\">&raquo;<\/span><\/a><\/p>\n","protected":false},"author":2,"featured_media":0,"comment_status":"open","ping_status":"closed","sticky":false,"template":"","format":"standard","meta":{"footnotes":""},"categories":[1,41],"tags":[74,227,40,296,8035],"aioseo_notices":[],"_links":{"self":[{"href":"https:\/\/infois.ro\/index.php?rest_route=\/wp\/v2\/posts\/22395"}],"collection":[{"href":"https:\/\/infois.ro\/index.php?rest_route=\/wp\/v2\/posts"}],"about":[{"href":"https:\/\/infois.ro\/index.php?rest_route=\/wp\/v2\/types\/post"}],"author":[{"embeddable":true,"href":"https:\/\/infois.ro\/index.php?rest_route=\/wp\/v2\/users\/2"}],"replies":[{"embeddable":true,"href":"https:\/\/infois.ro\/index.php?rest_route=%2Fwp%2Fv2%2Fcomments&post=22395"}],"version-history":[{"count":1,"href":"https:\/\/infois.ro\/index.php?rest_route=\/wp\/v2\/posts\/22395\/revisions"}],"predecessor-version":[{"id":22397,"href":"https:\/\/infois.ro\/index.php?rest_route=\/wp\/v2\/posts\/22395\/revisions\/22397"}],"wp:attachment":[{"href":"https:\/\/infois.ro\/index.php?rest_route=%2Fwp%2Fv2%2Fmedia&parent=22395"}],"wp:term":[{"taxonomy":"category","embeddable":true,"href":"https:\/\/infois.ro\/index.php?rest_route=%2Fwp%2Fv2%2Fcategories&post=22395"},{"taxonomy":"post_tag","embeddable":true,"href":"https:\/\/infois.ro\/index.php?rest_route=%2Fwp%2Fv2%2Ftags&post=22395"}],"curies":[{"name":"wp","href":"https:\/\/api.w.org\/{rel}","templated":true}]}}