{"id":2240,"date":"2012-10-12T15:16:16","date_gmt":"2012-10-12T12:16:16","guid":{"rendered":"http:\/\/infois.ro\/?p=2240"},"modified":"2012-10-12T15:16:16","modified_gmt":"2012-10-12T12:16:16","slug":"licitatiile-pentru-inchirierea-spatiilor-scolilor-vor-fi-anuntate-pe-site-ul-primariei","status":"publish","type":"post","link":"https:\/\/infois.ro\/?p=2240","title":{"rendered":"Licita\u021biile pentru \u00eenchirierea spa\u021biilor \u0219colilor vor fi anun\u021bate pe site-ul Prim\u0103riei"},"content":{"rendered":"<p style=\"text-align: justify;\"><a class=\"highslide\" onclick=\"return vz.expand(this)\" href=\"http:\/\/infois.ro\/wp-content\/uploads\/2012\/10\/licitatii-spatii-scoli.jpg\"><img loading=\"lazy\" decoding=\"async\" class=\"alignleft size-large wp-image-2241\" title=\"licitatii spatii scoli\" src=\"http:\/\/infois.ro\/wp-content\/uploads\/cache\/2012\/10\/licitatii-spatii-scoli\/421131960.jpg\" alt=\"\" width=\"780\" height=\"600\" \/><\/a>Conducerea Prim\u0103riei ie\u0219ene a solicitat directorilor unit\u0103\u021bilor de \u00eenv\u0103\u021b\u0103m\u00e2nt din municipiu s\u0103 elaboreze o documenta\u021bie standard privind \u00eenchirierea spa\u021biilor excedentare pe care aceste institu\u021bii le de\u021bin, astfel \u00eenc\u00e2t veniturile rezultate \u00een urma licita\u021biei s\u0103 acopere o parte c\u00e2t mai mare din nevoile curente ale \u0219colilor \u0219i gr\u0103dini\u021belor. \u201dDirec\u021bia de Administrare a Patrimoniului Public \u0219i Privat din cadrul Prim\u0103riei a solicitat conducerilor unit\u0103\u021bilor de \u00eenv\u0103\u021b\u0103m\u00e2nt din municipiu s\u0103 trateze cu toat\u0103 seriozitatea \u00eentocmirea acestor documente, \u00eentruc\u00e2t se dore\u0219te ca aceste licita\u021bii pentru \u00eenchirierea spa\u021biilor s\u0103 se transforme \u00een adev\u0103rate competi\u021bii, astfel \u00eenc\u00e2t \u0219colile s\u0103 ob\u021bin\u0103 venituri c\u00e2t mai amri din \u00eenchirierea respectivelor spa\u021bii\u201d, a precizat viceprimarul Marius Dang\u0103. Acesta a ad\u0103ugat c\u0103, recent, Consiliul Local Municipal (CLM) a modificat hot\u0103r\u00e2rea prin care le era permis unit\u0103\u021bilor de \u00eenv\u0103\u021b\u0103m\u00e2nt s\u0103 \u00eenchirieze o parte din spa\u021biile proprii, astfel \u00eenc\u00e2t 50% din valoarea chiriei \u00eencasate s\u0103 r\u0103m\u00e2n\u0103 \u0219colilor, iar cealalt\u0103 jumn\u0103tate s\u0103 revin\u0103 Prim\u0103riei. O alt\u0103 noutate, anun\u021bat\u0103 de viceprimar, se refer\u0103 la obligativitatea conducerilor unit\u0103\u021bilor de \u00eenv\u0103\u021b\u0103m\u00e2nt de a anun\u021ba public, pe site-ul Prim\u0103riei municipiului Ia\u0219i, precum \u0219i \u00een cotidianele locale, datele de organizare a licita\u021biilor pentru \u00eenchiriere spa\u021biilor respective.<\/p>\n","protected":false},"excerpt":{"rendered":"<p>Conducerea Prim\u0103riei ie\u0219ene a solicitat directorilor unit\u0103\u021bilor de \u00eenv\u0103\u021b\u0103m\u00e2nt din municipiu s\u0103 elaboreze o documenta\u021bie&#8230; <a class=\"meta-more\" href=\"https:\/\/infois.ro\/?p=2240\">more <span class=\"meta-nav\">&raquo;<\/span><\/a><\/p>\n","protected":false},"author":2,"featured_media":2241,"comment_status":"open","ping_status":"open","sticky":false,"template":"","format":"standard","meta":{"footnotes":""},"categories":[1,41],"tags":[74,977,296],"aioseo_notices":[],"_links":{"self":[{"href":"https:\/\/infois.ro\/index.php?rest_route=\/wp\/v2\/posts\/2240"}],"collection":[{"href":"https:\/\/infois.ro\/index.php?rest_route=\/wp\/v2\/posts"}],"about":[{"href":"https:\/\/infois.ro\/index.php?rest_route=\/wp\/v2\/types\/post"}],"author":[{"embeddable":true,"href":"https:\/\/infois.ro\/index.php?rest_route=\/wp\/v2\/users\/2"}],"replies":[{"embeddable":true,"href":"https:\/\/infois.ro\/index.php?rest_route=%2Fwp%2Fv2%2Fcomments&post=2240"}],"version-history":[{"count":2,"href":"https:\/\/infois.ro\/index.php?rest_route=\/wp\/v2\/posts\/2240\/revisions"}],"predecessor-version":[{"id":2243,"href":"https:\/\/infois.ro\/index.php?rest_route=\/wp\/v2\/posts\/2240\/revisions\/2243"}],"wp:featuredmedia":[{"embeddable":true,"href":"https:\/\/infois.ro\/index.php?rest_route=\/wp\/v2\/media\/2241"}],"wp:attachment":[{"href":"https:\/\/infois.ro\/index.php?rest_route=%2Fwp%2Fv2%2Fmedia&parent=2240"}],"wp:term":[{"taxonomy":"category","embeddable":true,"href":"https:\/\/infois.ro\/index.php?rest_route=%2Fwp%2Fv2%2Fcategories&post=2240"},{"taxonomy":"post_tag","embeddable":true,"href":"https:\/\/infois.ro\/index.php?rest_route=%2Fwp%2Fv2%2Ftags&post=2240"}],"curies":[{"name":"wp","href":"https:\/\/api.w.org\/{rel}","templated":true}]}}